{"id":874,"date":"2022-04-30T10:05:18","date_gmt":"2022-04-30T08:05:18","guid":{"rendered":"http:\/\/www.mtv-in.de\/judo\/?p=874"},"modified":"2025-07-26T10:06:55","modified_gmt":"2025-07-26T08:06:55","slug":"heute-1-kampftag-der-maenner-in-der-judo-bezirksliga-nord-2022","status":"publish","type":"post","link":"https:\/\/www.mtv-in.de\/judo\/2022\/04\/heute-1-kampftag-der-maenner-in-der-judo-bezirksliga-nord-2022\/","title":{"rendered":"+++ Heute 1. Kampftag der M\u00e4nner in der Judo Bezirksliga Nord 2022 +++"},"content":{"rendered":"<div class=\"\">\n<div class=\"_1mf _1mj\">\n<p><a href=\"https:\/\/www.mtv-in.de\/judo\/files\/2022\/04\/Bezirksliga_1.jpeg\"><img loading=\"lazy\" decoding=\"async\" class=\"size-medium wp-image-875 aligncenter\" src=\"https:\/\/www.mtv-in.de\/judo\/files\/2022\/04\/Bezirksliga_1-300x200.jpeg\" alt=\"\" width=\"300\" height=\"200\" srcset=\"https:\/\/www.mtv-in.de\/judo\/files\/2022\/04\/Bezirksliga_1-300x200.jpeg 300w, https:\/\/www.mtv-in.de\/judo\/files\/2022\/04\/Bezirksliga_1-768x512.jpeg 768w, https:\/\/www.mtv-in.de\/judo\/files\/2022\/04\/Bezirksliga_1-1024x683.jpeg 1024w\" sizes=\"auto, (max-width: 300px) 100vw, 300px\" \/><\/a><\/p>\n<\/div>\n<div class=\"_1mf _1mj\"><\/div>\n<div class=\"_1mf _1mj\" style=\"text-align: center\">Nach gut 2 Jahren Pause geht es heute endlich wieder mit den Wettk\u00e4mpfen los.<\/div>\n<\/div>\n<div class=\"\" style=\"text-align: center\">\n<div class=\"_1mf _1mj\">Der<strong> MTV 1881 Ingolstadt<\/strong> trifft heute auf den <strong>JC Freising<\/strong>. Kampfbeginn ist 16:00 Uhr in der Sporthalle des BC Attaching in 85356 Freising-Attaching, Am Sportplatz 3.<\/div>\n<\/div>\n<div class=\"\" style=\"text-align: center\"><\/div>\n<div class=\"\" style=\"text-align: center\">\n<div class=\"_1mf _1mj\">Am <strong>15.05.2022<\/strong> findet dann der 2. Kampftag gegen den <strong>Akashiro Germering<\/strong> statt.<\/div>\n<\/div>\n<div class=\"\" style=\"text-align: center\">\n<div class=\"_1mf _1mj\">Bereits 14 Tage sp\u00e4ter am <strong>28.05.2022<\/strong> trifft der MTV Ingolstadt an ihrem 3. Kampftag gegen<\/div>\n<div class=\"_1mf _1mj\">die <strong>KG K\u00f6sching-Ingolstadt<\/strong>.<\/div>\n<\/div>\n<div class=\"\" style=\"text-align: center\"><\/div>\n<div class=\"\" style=\"text-align: center\">\n<div class=\"_1mf _1mj\">Der 4. Kampftag beschert unseren Judoka einen kampffreien Tag bevor sie dann am <strong>09.07.2022<\/strong> zum 5. und letzten Kampftag gegen den <strong>DJK Eichst\u00e4tt<\/strong> antreten m\u00fcssen.<\/div>\n<\/div>\n<div class=\"\" style=\"text-align: center\"><\/div>\n<div class=\"\">\n<div class=\"_1mf _1mj\" style=\"text-align: center\">Wir w\u00fcnschen allen K\u00e4mpfern heute faire und verletzungsfreie K\u00e4mpfe und einen guten Start in die Saison.<\/div>\n<\/div>\n","protected":false},"excerpt":{"rendered":"<p>Nach gut 2 Jahren Pause geht es heute endlich wieder mit den Wettk\u00e4mpfen los. Der MTV 1881 Ingolstadt trifft heute auf den JC Freising. Kampfbeginn ist 16:00 Uhr in der Sporthalle des BC Attaching in 85356 Freising-Attaching, Am Sportplatz 3. &hellip; <a href=\"https:\/\/www.mtv-in.de\/judo\/2022\/04\/heute-1-kampftag-der-maenner-in-der-judo-bezirksliga-nord-2022\/\">Continue reading <span class=\"meta-nav\">&rarr;<\/span><\/a><\/p>\n","protected":false},"author":331,"featured_media":0,"comment_status":"closed","ping_status":"closed","sticky":false,"template":"","format":"standard","meta":{"footnotes":""},"categories":[1],"tags":[],"class_list":["post-874","post","type-post","status-publish","format-standard","hentry","category-allgemein"],"_links":{"self":[{"href":"https:\/\/www.mtv-in.de\/judo\/wp-json\/wp\/v2\/posts\/874","targetHints":{"allow":["GET"]}}],"collection":[{"href":"https:\/\/www.mtv-in.de\/judo\/wp-json\/wp\/v2\/posts"}],"about":[{"href":"https:\/\/www.mtv-in.de\/judo\/wp-json\/wp\/v2\/types\/post"}],"author":[{"embeddable":true,"href":"https:\/\/www.mtv-in.de\/judo\/wp-json\/wp\/v2\/users\/331"}],"replies":[{"embeddable":true,"href":"https:\/\/www.mtv-in.de\/judo\/wp-json\/wp\/v2\/comments?post=874"}],"version-history":[{"count":3,"href":"https:\/\/www.mtv-in.de\/judo\/wp-json\/wp\/v2\/posts\/874\/revisions"}],"predecessor-version":[{"id":878,"href":"https:\/\/www.mtv-in.de\/judo\/wp-json\/wp\/v2\/posts\/874\/revisions\/878"}],"wp:attachment":[{"href":"https:\/\/www.mtv-in.de\/judo\/wp-json\/wp\/v2\/media?parent=874"}],"wp:term":[{"taxonomy":"category","embeddable":true,"href":"https:\/\/www.mtv-in.de\/judo\/wp-json\/wp\/v2\/categories?post=874"},{"taxonomy":"post_tag","embeddable":true,"href":"https:\/\/www.mtv-in.de\/judo\/wp-json\/wp\/v2\/tags?post=874"}],"curies":[{"name":"wp","href":"https:\/\/api.w.org\/{rel}","templated":true}]}}