{"id":879,"date":"2022-05-01T15:14:38","date_gmt":"2022-05-01T13:14:38","guid":{"rendered":"http:\/\/www.mtv-in.de\/judo\/?p=879"},"modified":"2025-07-26T10:05:08","modified_gmt":"2025-07-26T08:05:08","slug":"toller-sieg-der-maenner-mtv-judomannschaft-bei-der-bezirksliga-nord-in-freising","status":"publish","type":"post","link":"https:\/\/www.mtv-in.de\/judo\/2022\/05\/toller-sieg-der-maenner-mtv-judomannschaft-bei-der-bezirksliga-nord-in-freising\/","title":{"rendered":"+++ Toller Sieg der M\u00e4nner MTV Judomannschaft bei der Bezirksliga Nord in Freising +++"},"content":{"rendered":"<p style=\"text-align: center\"><a href=\"https:\/\/www.mtv-in.de\/judo\/files\/2022\/05\/Bezirksliga_Freising.jpg\"><img loading=\"lazy\" decoding=\"async\" class=\"alignnone size-medium wp-image-880\" src=\"https:\/\/www.mtv-in.de\/judo\/files\/2022\/05\/Bezirksliga_Freising-300x186.jpg\" alt=\"\" width=\"300\" height=\"186\" srcset=\"https:\/\/www.mtv-in.de\/judo\/files\/2022\/05\/Bezirksliga_Freising-300x186.jpg 300w, https:\/\/www.mtv-in.de\/judo\/files\/2022\/05\/Bezirksliga_Freising-768x476.jpg 768w, https:\/\/www.mtv-in.de\/judo\/files\/2022\/05\/Bezirksliga_Freising-1024x635.jpg 1024w\" sizes=\"auto, (max-width: 300px) 100vw, 300px\" \/><\/a><\/p>\n<p style=\"text-align: center\"><strong>Toller Sieg der M\u00e4nner MTV Judomannschaft bei der Bezirksliga Nord in Freising<\/strong><\/p>\n<p style=\"text-align: center\">Nach \u00fcber zwei Jahren Wettkampfpause wegen Corona konnten die Ingolst\u00e4dter Judoka an ihre super Leistung aus 2020 ankn\u00fcpfen.<\/p>\n<p style=\"text-align: center\">Am Samstag war es dann endlich wieder soweit, die Bezirksligasaison der M\u00e4nner wurde er\u00f6ffnet. Insgesamt werden die K\u00e4mpfe an f\u00fcnf Kampftagen ausgetragen. Bei ihrem ersten Kampf trafen die K\u00e4mpfer des MTV Ingolstadt auf den JC Freising. Trotz einiger verletzen Judoka konnte die Mannschaft komplett in Freising antreten. Gek\u00e4mpft wurde hier jeweils mit zwei K\u00e4mpfer in den Gewichtsklassen -66kg, -73 kg, -81 kg, -90 kg und +90kg. Das Ganze dann noch in zwei Durchg\u00e4ngen, so dass derjenige gewonnen hat, welcher zuerst den 11. Punkt f\u00fcr sich erk\u00e4mpft hat.<\/p>\n<p style=\"text-align: center\">Den ersten Durchgang gewannen die Ingolst\u00e4dter Judoka mit 6:4 punkten. Gewinnen konnten hier Georgios Aslanidis, und Savelios Stafaridis in der Gewichtsklasse +90 kg. Weiter Punkte konnte Georg Buschmann \u2013 73kg, Demitrios Tsanidis \u2013 66kg sowie Nika Movladze und Mike Schmal in der Gewichtsklasse \u2013 90 kg. Im zweiten Durchgang konnten diese 6 K\u00e4mpfer und zus\u00e4tzlich noch Nikos Moisiadis \u2013 81 kg f\u00fcr den <strong>Gesamtsieg von 13:7<\/strong> beitragen.<\/p>\n<p style=\"text-align: center\">Eine hervorragende Leistung zeigten auch Fritrich Trott, Christoph Bartsch und Martin Ruckd\u00e4schel, welche sich dann aber doch ihren sehr starken Gegner geschlagen geben mussten.<\/p>\n<p style=\"text-align: center\">Alles in allem ein sehr sch\u00f6ner Auftakt in der Judo-Bezirksliga 2022 und das Team freut sich auf die n\u00e4chsten Wettk\u00e4mpfe. Die n\u00e4chste Begegnung ist dann gegen Akashiro Germering am 14.05.2022.<\/p>\n","protected":false},"excerpt":{"rendered":"<p>Toller Sieg der M\u00e4nner MTV Judomannschaft bei der Bezirksliga Nord in Freising Nach \u00fcber zwei Jahren Wettkampfpause wegen Corona konnten die Ingolst\u00e4dter Judoka an ihre super Leistung aus 2020 ankn\u00fcpfen. Am Samstag war es dann endlich wieder soweit, die Bezirksligasaison &hellip; <a href=\"https:\/\/www.mtv-in.de\/judo\/2022\/05\/toller-sieg-der-maenner-mtv-judomannschaft-bei-der-bezirksliga-nord-in-freising\/\">Continue reading <span class=\"meta-nav\">&rarr;<\/span><\/a><\/p>\n","protected":false},"author":331,"featured_media":0,"comment_status":"closed","ping_status":"closed","sticky":false,"template":"","format":"standard","meta":{"footnotes":""},"categories":[1],"tags":[],"class_list":["post-879","post","type-post","status-publish","format-standard","hentry","category-allgemein"],"_links":{"self":[{"href":"https:\/\/www.mtv-in.de\/judo\/wp-json\/wp\/v2\/posts\/879","targetHints":{"allow":["GET"]}}],"collection":[{"href":"https:\/\/www.mtv-in.de\/judo\/wp-json\/wp\/v2\/posts"}],"about":[{"href":"https:\/\/www.mtv-in.de\/judo\/wp-json\/wp\/v2\/types\/post"}],"author":[{"embeddable":true,"href":"https:\/\/www.mtv-in.de\/judo\/wp-json\/wp\/v2\/users\/331"}],"replies":[{"embeddable":true,"href":"https:\/\/www.mtv-in.de\/judo\/wp-json\/wp\/v2\/comments?post=879"}],"version-history":[{"count":1,"href":"https:\/\/www.mtv-in.de\/judo\/wp-json\/wp\/v2\/posts\/879\/revisions"}],"predecessor-version":[{"id":881,"href":"https:\/\/www.mtv-in.de\/judo\/wp-json\/wp\/v2\/posts\/879\/revisions\/881"}],"wp:attachment":[{"href":"https:\/\/www.mtv-in.de\/judo\/wp-json\/wp\/v2\/media?parent=879"}],"wp:term":[{"taxonomy":"category","embeddable":true,"href":"https:\/\/www.mtv-in.de\/judo\/wp-json\/wp\/v2\/categories?post=879"},{"taxonomy":"post_tag","embeddable":true,"href":"https:\/\/www.mtv-in.de\/judo\/wp-json\/wp\/v2\/tags?post=879"}],"curies":[{"name":"wp","href":"https:\/\/api.w.org\/{rel}","templated":true}]}}