{"id":882,"date":"2022-05-03T08:33:49","date_gmt":"2022-05-03T06:33:49","guid":{"rendered":"http:\/\/www.mtv-in.de\/judo\/?p=882"},"modified":"2025-07-26T10:04:56","modified_gmt":"2025-07-26T08:04:56","slug":"junge-mtv-judoka-ueberzeugten-bei-den-oberbayerischen-meisterschaften-der-u-15-in-rosenheim","status":"publish","type":"post","link":"https:\/\/www.mtv-in.de\/judo\/2022\/05\/junge-mtv-judoka-ueberzeugten-bei-den-oberbayerischen-meisterschaften-der-u-15-in-rosenheim\/","title":{"rendered":"+++ Junge MTV Judoka \u00fcberzeugten bei den Oberbayerischen Meisterschaften der U 15 in Rosenheim +++"},"content":{"rendered":"<p style=\"text-align: center\">Nach l\u00e4ngerer Corona-Pause ging es am vergangenen Samstag in der Altersklasse U15 mit den Meisterschaftsserie los. Voller Motivation und guter Vorbereitung startet die beiden Schanzer\u00a0 \u00a0 \u00a0 \u00a0 \u00a0 \u00a0 \u00a0 \u00a0 \u00a0 \u00a0 \u00a0 \u00a0 <strong>Pavlos<\/strong> <strong>Karazelidis<\/strong> (-60Kg) und <strong>Stavros<\/strong> <strong>Facharidis<\/strong> (+66Kg) das erste Mal in der neuen Altersklasse.<\/p>\n<p style=\"text-align: center\">\u00a0 \u00a0 \u00a0 \u00a0 \u00a0 Unter den strengen Augen von Trainer Mark Wettstein meisterten die beiden Athleten Ihre K\u00e4mpfe souver\u00e4n. Die beiden MTVler gewannen jeweils Ihre 4 K\u00e4mpfe vorzeitig und sicherten sich somit Ihren Oberbayrischen Meistertitel in ihrer Altersklasse. Neueinsteiger <strong>Raphael<\/strong> <strong>Kunze<\/strong> von <strong>TSV<\/strong> <strong>Gaimersheim<\/strong> konnte in seinem ersten Wettkampf Erfahrung sammeln (1 Sieg 2 Niederlagen).\u00a0 Alle 3 Starter qualifizierten sich f\u00fcr die n\u00e4chste Meisterschaft diese findet am <strong>14.05.2022 beim MTV Ingolstadt<\/strong> statt.<\/p>\n<p style=\"text-align: center\"><a href=\"https:\/\/www.mtv-in.de\/judo\/files\/2022\/05\/U-15.jpeg\"><img loading=\"lazy\" decoding=\"async\" class=\"alignnone size-medium wp-image-883\" src=\"https:\/\/www.mtv-in.de\/judo\/files\/2022\/05\/U-15-300x292.jpeg\" alt=\"\" width=\"300\" height=\"292\" srcset=\"https:\/\/www.mtv-in.de\/judo\/files\/2022\/05\/U-15-300x292.jpeg 300w, https:\/\/www.mtv-in.de\/judo\/files\/2022\/05\/U-15-768x748.jpeg 768w, https:\/\/www.mtv-in.de\/judo\/files\/2022\/05\/U-15.jpeg 897w\" sizes=\"auto, (max-width: 300px) 100vw, 300px\" \/><\/a><\/p>\n","protected":false},"excerpt":{"rendered":"<p>Nach l\u00e4ngerer Corona-Pause ging es am vergangenen Samstag in der Altersklasse U15 mit den Meisterschaftsserie los. Voller Motivation und guter Vorbereitung startet die beiden Schanzer\u00a0 \u00a0 \u00a0 \u00a0 \u00a0 \u00a0 \u00a0 \u00a0 \u00a0 \u00a0 \u00a0 \u00a0 Pavlos Karazelidis (-60Kg) und &hellip; <a href=\"https:\/\/www.mtv-in.de\/judo\/2022\/05\/junge-mtv-judoka-ueberzeugten-bei-den-oberbayerischen-meisterschaften-der-u-15-in-rosenheim\/\">Continue reading <span class=\"meta-nav\">&rarr;<\/span><\/a><\/p>\n","protected":false},"author":331,"featured_media":0,"comment_status":"closed","ping_status":"closed","sticky":false,"template":"","format":"standard","meta":{"footnotes":""},"categories":[1],"tags":[],"class_list":["post-882","post","type-post","status-publish","format-standard","hentry","category-allgemein"],"_links":{"self":[{"href":"https:\/\/www.mtv-in.de\/judo\/wp-json\/wp\/v2\/posts\/882","targetHints":{"allow":["GET"]}}],"collection":[{"href":"https:\/\/www.mtv-in.de\/judo\/wp-json\/wp\/v2\/posts"}],"about":[{"href":"https:\/\/www.mtv-in.de\/judo\/wp-json\/wp\/v2\/types\/post"}],"author":[{"embeddable":true,"href":"https:\/\/www.mtv-in.de\/judo\/wp-json\/wp\/v2\/users\/331"}],"replies":[{"embeddable":true,"href":"https:\/\/www.mtv-in.de\/judo\/wp-json\/wp\/v2\/comments?post=882"}],"version-history":[{"count":4,"href":"https:\/\/www.mtv-in.de\/judo\/wp-json\/wp\/v2\/posts\/882\/revisions"}],"predecessor-version":[{"id":887,"href":"https:\/\/www.mtv-in.de\/judo\/wp-json\/wp\/v2\/posts\/882\/revisions\/887"}],"wp:attachment":[{"href":"https:\/\/www.mtv-in.de\/judo\/wp-json\/wp\/v2\/media?parent=882"}],"wp:term":[{"taxonomy":"category","embeddable":true,"href":"https:\/\/www.mtv-in.de\/judo\/wp-json\/wp\/v2\/categories?post=882"},{"taxonomy":"post_tag","embeddable":true,"href":"https:\/\/www.mtv-in.de\/judo\/wp-json\/wp\/v2\/tags?post=882"}],"curies":[{"name":"wp","href":"https:\/\/api.w.org\/{rel}","templated":true}]}}