{"id":1134,"date":"2013-01-21T18:03:46","date_gmt":"2013-01-21T16:03:46","guid":{"rendered":"http:\/\/www.mtv-in.de\/schach\/?p=1134"},"modified":"2018-05-18T09:40:20","modified_gmt":"2018-05-18T07:40:20","slug":"u-12-mannschaft-funfter","status":"publish","type":"post","link":"https:\/\/www.mtv-in.de\/schach\/2013\/01\/u-12-mannschaft-funfter\/","title":{"rendered":"U 12 Mannschaft f\u00fcnfter"},"content":{"rendered":"<p>Der letzte Spieltag in der U12 fand ausnahmsweise an einem Sonntag statt, da der regul\u00e4re Spieltag wegen sehr schlechten Stra\u00dfenbedingungen abgesagt wurde. Leider waren bei einigen Kindern f\u00fcr Montag wichtige Schulaufgaben angesetzt, so dass wir nur zu dritt antreten konnten. Trotzdem k\u00e4mpften Jonas, Lukas Tyroller und Nicolas sehr verbissen um die Mannschaftspunkte. Gegen den Tabellen vierten und den sechsten konnte ein Unentschieden erzielt werden. Nur der Sieger Sk Freising war deutlich zu stark f\u00fcr uns und schickte uns mit 4:0 von den Brettern. Jetzt werden wir intensiv weiter trainieren und dann n\u00e4chste Saison um den Titel mitspielen.<\/p>\n<p>Christoph Zill danken wir f\u00fcr einen sehr gut organisierten Ligabetrieb und gratulieren zum 1.Platz.<\/p>\n<p><a href=\"http:\/\/www.ligamanager.schachbund-bayern.de\/infs\/ergebnisse\/spielplan.htm?ligaId=393\" target=\"_blank\">Endstand<\/a>, <a href=\"http:\/\/www.ligamanager.schachbund-bayern.de\/infs\/statistik\/einsatz.htm?ligaId=393\" target=\"_blank\">Einsatzstatistik<\/a><\/p>\n<p><a href=\"http:\/\/www.schachkreis-infs.de\/\" target=\"_blank\">Kreisbericht mit Siegerehrung<\/a><\/p>\n<figure id=\"attachment_1139\" aria-describedby=\"caption-attachment-1139\" style=\"width: 300px\" class=\"wp-caption alignnone\"><a href=\"https:\/\/www.mtv-in.de\/schach\/2013\/01\/u-12-mannschaft-funfter\/tyroller\/\" rel=\"attachment wp-att-1139\"><img loading=\"lazy\" decoding=\"async\" class=\"size-medium wp-image-1139\" alt=\"Lukas Tyroller\" src=\"https:\/\/www.mtv-in.de\/schach\/files\/2013\/01\/Tyroller-300x225.jpg\" width=\"300\" height=\"225\" \/><\/a><figcaption id=\"caption-attachment-1139\" class=\"wp-caption-text\">Lukas Tyroller<\/figcaption><\/figure>\n<figure id=\"attachment_1141\" aria-describedby=\"caption-attachment-1141\" style=\"width: 300px\" class=\"wp-caption alignnone\"><a href=\"https:\/\/www.mtv-in.de\/schach\/2013\/01\/u-12-mannschaft-funfter\/fachner\/\" rel=\"attachment wp-att-1141\"><img loading=\"lazy\" decoding=\"async\" class=\"size-medium wp-image-1141\" alt=\"Nicolas Fachner\" src=\"https:\/\/www.mtv-in.de\/schach\/files\/2013\/01\/Fachner-300x225.jpg\" width=\"300\" height=\"225\" \/><\/a><figcaption id=\"caption-attachment-1141\" class=\"wp-caption-text\">Nicolas Fachner<\/figcaption><\/figure>\n<figure id=\"attachment_1142\" aria-describedby=\"caption-attachment-1142\" style=\"width: 300px\" class=\"wp-caption alignnone\"><a href=\"https:\/\/www.mtv-in.de\/schach\/2013\/01\/u-12-mannschaft-funfter\/freising-mtv\/\" rel=\"attachment wp-att-1142\"><img loading=\"lazy\" decoding=\"async\" class=\"size-medium wp-image-1142\" alt=\"Freising - MTV\" src=\"https:\/\/www.mtv-in.de\/schach\/files\/2013\/01\/Freising-MTV-300x225.jpg\" width=\"300\" height=\"225\" \/><\/a><figcaption id=\"caption-attachment-1142\" class=\"wp-caption-text\">Freising &#8211; MTV<\/figcaption><\/figure>\n<figure id=\"attachment_1143\" aria-describedby=\"caption-attachment-1143\" style=\"width: 300px\" class=\"wp-caption alignnone\"><a href=\"https:\/\/www.mtv-in.de\/schach\/files\/2013\/01\/Freising-MTV-.jpg\"><img loading=\"lazy\" decoding=\"async\" class=\"size-medium wp-image-1143 \" alt=\"Freising - MTV\" src=\"https:\/\/www.mtv-in.de\/schach\/files\/2013\/01\/Freising-MTV--300x225.jpg\" width=\"300\" height=\"225\" \/><\/a><figcaption id=\"caption-attachment-1143\" class=\"wp-caption-text\">Freising &#8211; MTV<\/figcaption><\/figure>\n<figure id=\"attachment_1144\" aria-describedby=\"caption-attachment-1144\" style=\"width: 300px\" class=\"wp-caption alignnone\"><a href=\"https:\/\/www.mtv-in.de\/schach\/2013\/01\/u-12-mannschaft-funfter\/mittagspause\/\" rel=\"attachment wp-att-1144\"><img loading=\"lazy\" decoding=\"async\" class=\"size-medium wp-image-1144\" alt=\"Pause\" src=\"https:\/\/www.mtv-in.de\/schach\/files\/2013\/01\/Mittagspause-300x225.jpg\" width=\"300\" height=\"225\" \/><\/a><figcaption id=\"caption-attachment-1144\" class=\"wp-caption-text\">Pause<\/figcaption><\/figure>\n<figure id=\"attachment_1145\" aria-describedby=\"caption-attachment-1145\" style=\"width: 300px\" class=\"wp-caption alignnone\"><a href=\"https:\/\/www.mtv-in.de\/schach\/2013\/01\/u-12-mannschaft-funfter\/rackl\/\" rel=\"attachment wp-att-1145\"><img loading=\"lazy\" decoding=\"async\" class=\"size-medium wp-image-1145\" alt=\"Jonas Rackl\" src=\"https:\/\/www.mtv-in.de\/schach\/files\/2013\/01\/Rackl-300x225.jpg\" width=\"300\" height=\"225\" \/><\/a><figcaption id=\"caption-attachment-1145\" class=\"wp-caption-text\">Jonas Rackl<\/figcaption><\/figure>\n<p>&nbsp;<\/p>\n<p>&nbsp;<\/p>\n","protected":false},"excerpt":{"rendered":"<p>Der letzte Spieltag in der U12 fand ausnahmsweise an einem Sonntag statt, da der regul\u00e4re Spieltag wegen sehr schlechten Stra\u00dfenbedingungen abgesagt wurde. Leider waren bei einigen Kindern f\u00fcr Montag wichtige Schulaufgaben angesetzt, so dass wir nur zu dritt antreten konnten. Trotzdem k\u00e4mpften Jonas, Lukas Tyroller und Nicolas sehr verbissen um die Mannschaftspunkte. Gegen den Tabellen [&hellip;]<\/p>\n","protected":false},"author":55,"featured_media":0,"comment_status":"closed","ping_status":"closed","sticky":false,"template":"","format":"standard","meta":{"footnotes":""},"categories":[1],"tags":[],"class_list":["post-1134","post","type-post","status-publish","format-standard","hentry","category-allgemein"],"_links":{"self":[{"href":"https:\/\/www.mtv-in.de\/schach\/wp-json\/wp\/v2\/posts\/1134","targetHints":{"allow":["GET"]}}],"collection":[{"href":"https:\/\/www.mtv-in.de\/schach\/wp-json\/wp\/v2\/posts"}],"about":[{"href":"https:\/\/www.mtv-in.de\/schach\/wp-json\/wp\/v2\/types\/post"}],"author":[{"embeddable":true,"href":"https:\/\/www.mtv-in.de\/schach\/wp-json\/wp\/v2\/users\/55"}],"replies":[{"embeddable":true,"href":"https:\/\/www.mtv-in.de\/schach\/wp-json\/wp\/v2\/comments?post=1134"}],"version-history":[{"count":1,"href":"https:\/\/www.mtv-in.de\/schach\/wp-json\/wp\/v2\/posts\/1134\/revisions"}],"predecessor-version":[{"id":8489,"href":"https:\/\/www.mtv-in.de\/schach\/wp-json\/wp\/v2\/posts\/1134\/revisions\/8489"}],"wp:attachment":[{"href":"https:\/\/www.mtv-in.de\/schach\/wp-json\/wp\/v2\/media?parent=1134"}],"wp:term":[{"taxonomy":"category","embeddable":true,"href":"https:\/\/www.mtv-in.de\/schach\/wp-json\/wp\/v2\/categories?post=1134"},{"taxonomy":"post_tag","embeddable":true,"href":"https:\/\/www.mtv-in.de\/schach\/wp-json\/wp\/v2\/tags?post=1134"}],"curies":[{"name":"wp","href":"https:\/\/api.w.org\/{rel}","templated":true}]}}