{"id":1217,"date":"2013-02-19T10:58:46","date_gmt":"2013-02-19T08:58:46","guid":{"rendered":"http:\/\/www.mtv-in.de\/schach\/?p=1217"},"modified":"2018-05-18T09:40:19","modified_gmt":"2018-05-18T07:40:19","slug":"sarah-erneut-oberbayerische-meisterin","status":"publish","type":"post","link":"https:\/\/www.mtv-in.de\/schach\/2013\/02\/sarah-erneut-oberbayerische-meisterin\/","title":{"rendered":"Sarah erneut Oberbayerische Meisterin"},"content":{"rendered":"<p>Die Oberbayerische Einzelmeisterschaft wurde wie im Vorjahr im Schullandheim Riedenburg ausgetragen. Der Ausrichter SC Beilngries absolvierte alle organisatorischen Aufgaben mit bravour und schaffte gl\u00e4nzende Rahmenbedingungen f\u00fcr ein tolles Turnier. Die Turnierleiter Thomas S\u00f6rgel und Maria Stadler sorgten souver\u00e4n f\u00fcr einen reibungslosen Ablauf. Einen geh\u00f6rigen Anteil haben daran auch die disziplinierten und fairen Teilnehmer und Teilnehmerinnen. Auch die Belegschaft des Schullandheims sorgte mit sehr gutem Essen und ordentlichen R\u00e4umen f\u00fcr eine zufriedene Grundstimmung.<\/p>\n<p>Wir traten mit Luis Gerlinger in der U12, Jan Kienle und Zeno Hacker in der U14, sowie Sarah Hausmann in der U14 weiblich an. Die <a href=\"http:\/\/www.schachbezirk-oberbayern.de\/jugend\/em-jugend.html\" target=\"_blank\">Teilnehmerlisten<\/a> der Altersklassen zeigten, dass nur Sarah als Favorit startete. Somit wurde als Ziel das Erreichen des Setzplatzes ausgegeben. Alle vier starteten am Freitag wie berichtet mit starken Leistungen und sicherten sich die ersten Punkte. Vor allem das Remis von Jan gegen Oliver Schumann (DWZ 1409) und der Sieg von Luis gegen Yaroslav Yaroshenko (DWZ 1280) sorgten f\u00fcr Gl\u00fccksgef\u00fchle. Erwartungsgem\u00e4\u00df schwierig gestaltete sich dann der Samstag. Jan und Luis trafen auf die anschlie\u00dfenden Turniersieger ihrer Altersklasse und mussten die Punkte abgeben. Daf\u00fcr sorgte Zeno f\u00fcr Aufsehen, als auch er ein Remis gegen Oliver Schumann schaffte. Somit befanden sich Jan, Zeno und Luis am Ende des Samstages im Mittelfeld der Tabelle. Am Sonntag kam es zum\u00a0 MTV Duell zwischen Jan und Zeno. Dies entschied Zeno mit gutem taktischen Spiel f\u00fcr sich. Dadurch hatte er bei einem weiteren Sieg Chancen dritter zu werden. Auch Luis siegte in Runde vier und stand auf dem dritten Platz vor der Abschlussrunde. Leider verloren beide ihre Abschlussrunden, weshalb Zeno starker sechster wurde und Luis rutschte auf Platz 7 ab, womit alle trotzdem sehr zufrieden waren. Jan gewann die Abschlussrunde souver\u00e4n und erreichte dadurch seine Zielvorgaben.<\/p>\n<p>Sarah bezwang am Freitag erwartungsgem\u00e4\u00df Julia Joebges, w\u00e4hrend Verena Gauchel durch ein Remis gegen Kristina Shvartsman aufhorchen lies. Dadurch war Sarah bereits nach Runde eins Tabellenf\u00fchrerin. Diese Position gab sie bis zum Ende des Turniers am Sonntag nicht mehr ab. Wir gratulieren zu einem souver\u00e4nen und ungef\u00e4hrdeten Turniersieg und w\u00fcnschen viel Erfolg auf der Bayerischen Einzelmeisterschaft im April.<\/p>\n<p><a href=\"http:\/\/www.schachbezirk-oberbayern.de\/jugend\/em-jugend.html\" target=\"_blank\">Tabellen<\/a> und weitere Bilder<\/p>\n<figure id=\"attachment_1218\" aria-describedby=\"caption-attachment-1218\" style=\"width: 300px\" class=\"wp-caption alignnone\"><a href=\"https:\/\/www.mtv-in.de\/schach\/files\/2013\/02\/Zeno1.jpg\"><img loading=\"lazy\" decoding=\"async\" class=\"size-medium wp-image-1218\" alt=\"Zeno\" src=\"https:\/\/www.mtv-in.de\/schach\/files\/2013\/02\/Zeno1-300x225.jpg\" width=\"300\" height=\"225\" \/><\/a><figcaption id=\"caption-attachment-1218\" class=\"wp-caption-text\">Zeno<\/figcaption><\/figure>\n<figure id=\"attachment_1220\" aria-describedby=\"caption-attachment-1220\" style=\"width: 300px\" class=\"wp-caption alignnone\"><a href=\"https:\/\/www.mtv-in.de\/schach\/files\/2013\/02\/Gruppe.jpg\"><img loading=\"lazy\" decoding=\"async\" class=\"size-medium wp-image-1220\" alt=\"Begr\u00fc\u00dfung in der Turnhalle\" src=\"https:\/\/www.mtv-in.de\/schach\/files\/2013\/02\/Gruppe-300x225.jpg\" width=\"300\" height=\"225\" \/><\/a><figcaption id=\"caption-attachment-1220\" class=\"wp-caption-text\">Begr\u00fc\u00dfung in der Turnhalle<\/figcaption><\/figure>\n<figure id=\"attachment_1221\" aria-describedby=\"caption-attachment-1221\" style=\"width: 300px\" class=\"wp-caption alignnone\"><a href=\"https:\/\/www.mtv-in.de\/schach\/files\/2013\/02\/Jan1.jpg\"><img loading=\"lazy\" decoding=\"async\" class=\"size-medium wp-image-1221\" alt=\"Jan\" src=\"https:\/\/www.mtv-in.de\/schach\/files\/2013\/02\/Jan1-300x225.jpg\" width=\"300\" height=\"225\" \/><\/a><figcaption id=\"caption-attachment-1221\" class=\"wp-caption-text\">Jan<\/figcaption><\/figure>\n<figure id=\"attachment_1222\" aria-describedby=\"caption-attachment-1222\" style=\"width: 300px\" class=\"wp-caption alignnone\"><a href=\"https:\/\/www.mtv-in.de\/schach\/files\/2013\/02\/Luis1.jpg\"><img loading=\"lazy\" decoding=\"async\" class=\"size-medium wp-image-1222\" alt=\"Luis\" src=\"https:\/\/www.mtv-in.de\/schach\/files\/2013\/02\/Luis1-300x225.jpg\" width=\"300\" height=\"225\" \/><\/a><figcaption id=\"caption-attachment-1222\" class=\"wp-caption-text\">Luis<\/figcaption><\/figure>\n<figure id=\"attachment_1223\" aria-describedby=\"caption-attachment-1223\" style=\"width: 300px\" class=\"wp-caption alignnone\"><a href=\"https:\/\/www.mtv-in.de\/schach\/files\/2013\/02\/Luis-Portr\u00e4t.jpg\"><img loading=\"lazy\" decoding=\"async\" class=\"size-medium wp-image-1223\" alt=\"Luis\" src=\"https:\/\/www.mtv-in.de\/schach\/files\/2013\/02\/Luis-Portr\u00e4t-300x225.jpg\" width=\"300\" height=\"225\" \/><\/a><figcaption id=\"caption-attachment-1223\" class=\"wp-caption-text\">Luis<\/figcaption><\/figure>\n<figure id=\"attachment_1224\" aria-describedby=\"caption-attachment-1224\" style=\"width: 300px\" class=\"wp-caption alignnone\"><a href=\"https:\/\/www.mtv-in.de\/schach\/files\/2013\/02\/Maskotchen-Nils.jpg\"><img loading=\"lazy\" decoding=\"async\" class=\"size-medium wp-image-1224\" alt=\"Unser beliebter Gl\u00fccksbringer Nils\" src=\"https:\/\/www.mtv-in.de\/schach\/files\/2013\/02\/Maskotchen-Nils-300x225.jpg\" width=\"300\" height=\"225\" \/><\/a><figcaption id=\"caption-attachment-1224\" class=\"wp-caption-text\">Unser beliebter Gl\u00fccksbringer Nils<\/figcaption><\/figure>\n<figure id=\"attachment_1225\" aria-describedby=\"caption-attachment-1225\" style=\"width: 300px\" class=\"wp-caption alignnone\"><a href=\"https:\/\/www.mtv-in.de\/schach\/files\/2013\/02\/M\u00fcttertreff.jpg\"><img loading=\"lazy\" decoding=\"async\" class=\"size-medium wp-image-1225\" alt=\"Spielerbegleitung\" src=\"https:\/\/www.mtv-in.de\/schach\/files\/2013\/02\/M\u00fcttertreff-300x225.jpg\" width=\"300\" height=\"225\" \/><\/a><figcaption id=\"caption-attachment-1225\" class=\"wp-caption-text\">Spielerbegleitung<\/figcaption><\/figure>\n<figure id=\"attachment_1226\" aria-describedby=\"caption-attachment-1226\" style=\"width: 300px\" class=\"wp-caption alignnone\"><a href=\"https:\/\/www.mtv-in.de\/schach\/files\/2013\/02\/Preise-U10.jpg\"><img loading=\"lazy\" decoding=\"async\" class=\"size-medium wp-image-1226\" alt=\"Preise U10\" src=\"https:\/\/www.mtv-in.de\/schach\/files\/2013\/02\/Preise-U10-300x225.jpg\" width=\"300\" height=\"225\" \/><\/a><figcaption id=\"caption-attachment-1226\" class=\"wp-caption-text\">Preise U10<\/figcaption><\/figure>\n<figure id=\"attachment_1227\" aria-describedby=\"caption-attachment-1227\" style=\"width: 225px\" class=\"wp-caption alignnone\"><a href=\"https:\/\/www.mtv-in.de\/schach\/files\/2013\/02\/Sieger-Luis.jpg\"><img loading=\"lazy\" decoding=\"async\" class=\"size-medium wp-image-1227\" alt=\"zufriedener Luis\" src=\"https:\/\/www.mtv-in.de\/schach\/files\/2013\/02\/Sieger-Luis-225x300.jpg\" width=\"225\" height=\"300\" \/><\/a><figcaption id=\"caption-attachment-1227\" class=\"wp-caption-text\">zufriedener Luis<\/figcaption><\/figure>\n<figure id=\"attachment_1228\" aria-describedby=\"caption-attachment-1228\" style=\"width: 300px\" class=\"wp-caption alignnone\"><a href=\"https:\/\/www.mtv-in.de\/schach\/files\/2013\/02\/Siegerehrung-U14.jpg\"><img loading=\"lazy\" decoding=\"async\" class=\"size-medium wp-image-1228\" alt=\"Siegerehrung U14 von links Verena, Sarah, Kristina\" src=\"https:\/\/www.mtv-in.de\/schach\/files\/2013\/02\/Siegerehrung-U14-300x225.jpg\" width=\"300\" height=\"225\" \/><\/a><figcaption id=\"caption-attachment-1228\" class=\"wp-caption-text\">Siegerehrung U14<br \/>von links<br \/>Verena, Sarah, Kristina<\/figcaption><\/figure>\n<figure id=\"attachment_1229\" aria-describedby=\"caption-attachment-1229\" style=\"width: 300px\" class=\"wp-caption alignnone\"><a href=\"https:\/\/www.mtv-in.de\/schach\/files\/2013\/02\/Sondertraining.jpg\"><img loading=\"lazy\" decoding=\"async\" class=\"size-medium wp-image-1229\" alt=\"Spielervorbereitung\" src=\"https:\/\/www.mtv-in.de\/schach\/files\/2013\/02\/Sondertraining-300x225.jpg\" width=\"300\" height=\"225\" \/><\/a><figcaption id=\"caption-attachment-1229\" class=\"wp-caption-text\">Spielervorbereitung<\/figcaption><\/figure>\n<figure id=\"attachment_1230\" aria-describedby=\"caption-attachment-1230\" style=\"width: 300px\" class=\"wp-caption alignnone\"><a href=\"https:\/\/www.mtv-in.de\/schach\/files\/2013\/02\/Tandem.jpg\"><img loading=\"lazy\" decoding=\"async\" class=\"size-medium wp-image-1230\" alt=\"Tandem in der Spielpause\" src=\"https:\/\/www.mtv-in.de\/schach\/files\/2013\/02\/Tandem-300x225.jpg\" width=\"300\" height=\"225\" \/><\/a><figcaption id=\"caption-attachment-1230\" class=\"wp-caption-text\">Tandem in der Spielpause<\/figcaption><\/figure>\n<figure id=\"attachment_1231\" aria-describedby=\"caption-attachment-1231\" style=\"width: 300px\" class=\"wp-caption alignnone\"><a href=\"https:\/\/www.mtv-in.de\/schach\/files\/2013\/02\/Tandem-mit-Trainer.jpg\"><img loading=\"lazy\" decoding=\"async\" class=\"size-medium wp-image-1231\" alt=\"Abendunterhaltung Tandem mit Trainer\" src=\"https:\/\/www.mtv-in.de\/schach\/files\/2013\/02\/Tandem-mit-Trainer-300x225.jpg\" width=\"300\" height=\"225\" \/><\/a><figcaption id=\"caption-attachment-1231\" class=\"wp-caption-text\">Abendunterhaltung<br \/>Tandem mit Trainer<\/figcaption><\/figure>\n<figure id=\"attachment_1232\" aria-describedby=\"caption-attachment-1232\" style=\"width: 300px\" class=\"wp-caption alignnone\"><a href=\"https:\/\/www.mtv-in.de\/schach\/files\/2013\/02\/U14.jpg\"><img loading=\"lazy\" decoding=\"async\" class=\"size-medium wp-image-1232\" alt=\"U14 Spielerinnen Kristina - Julia Sarah - Verena\" src=\"https:\/\/www.mtv-in.de\/schach\/files\/2013\/02\/U14-300x225.jpg\" width=\"300\" height=\"225\" \/><\/a><figcaption id=\"caption-attachment-1232\" class=\"wp-caption-text\">U14 Spielerinnen<br \/>Kristina &#8211; Julia<br \/>Sarah &#8211; Verena<\/figcaption><\/figure>\n<figure id=\"attachment_1233\" aria-describedby=\"caption-attachment-1233\" style=\"width: 300px\" class=\"wp-caption alignnone\"><a href=\"https:\/\/www.mtv-in.de\/schach\/files\/2013\/02\/Unsere-Truppe.jpg\"><img loading=\"lazy\" decoding=\"async\" class=\"size-medium wp-image-1233\" alt=\"v. links: Sarah, Luis, Jan, Zeno\" src=\"https:\/\/www.mtv-in.de\/schach\/files\/2013\/02\/Unsere-Truppe-300x225.jpg\" width=\"300\" height=\"225\" \/><\/a><figcaption id=\"caption-attachment-1233\" class=\"wp-caption-text\">v. links:<br \/>Sarah, Luis, Jan, Zeno<\/figcaption><\/figure>\n<figure id=\"attachment_1235\" aria-describedby=\"caption-attachment-1235\" style=\"width: 300px\" class=\"wp-caption alignnone\"><a href=\"https:\/\/www.mtv-in.de\/schach\/files\/2013\/02\/Warten-Siegerehrung-2.jpg\"><img loading=\"lazy\" decoding=\"async\" class=\"size-medium wp-image-1235\" alt=\"Warten auf die Siegerehrung\" src=\"https:\/\/www.mtv-in.de\/schach\/files\/2013\/02\/Warten-Siegerehrung-2-300x225.jpg\" width=\"300\" height=\"225\" \/><\/a><figcaption id=\"caption-attachment-1235\" class=\"wp-caption-text\">Warten auf die Siegerehrung<\/figcaption><\/figure>\n","protected":false},"excerpt":{"rendered":"<p>Die Oberbayerische Einzelmeisterschaft wurde wie im Vorjahr im Schullandheim Riedenburg ausgetragen. Der Ausrichter SC Beilngries absolvierte alle organisatorischen Aufgaben mit bravour und schaffte gl\u00e4nzende Rahmenbedingungen f\u00fcr ein tolles Turnier. Die Turnierleiter Thomas S\u00f6rgel und Maria Stadler sorgten souver\u00e4n f\u00fcr einen reibungslosen Ablauf. Einen geh\u00f6rigen Anteil haben daran auch die disziplinierten und fairen Teilnehmer und Teilnehmerinnen. [&hellip;]<\/p>\n","protected":false},"author":55,"featured_media":0,"comment_status":"closed","ping_status":"closed","sticky":false,"template":"","format":"standard","meta":{"footnotes":""},"categories":[1],"tags":[],"class_list":["post-1217","post","type-post","status-publish","format-standard","hentry","category-allgemein"],"_links":{"self":[{"href":"https:\/\/www.mtv-in.de\/schach\/wp-json\/wp\/v2\/posts\/1217","targetHints":{"allow":["GET"]}}],"collection":[{"href":"https:\/\/www.mtv-in.de\/schach\/wp-json\/wp\/v2\/posts"}],"about":[{"href":"https:\/\/www.mtv-in.de\/schach\/wp-json\/wp\/v2\/types\/post"}],"author":[{"embeddable":true,"href":"https:\/\/www.mtv-in.de\/schach\/wp-json\/wp\/v2\/users\/55"}],"replies":[{"embeddable":true,"href":"https:\/\/www.mtv-in.de\/schach\/wp-json\/wp\/v2\/comments?post=1217"}],"version-history":[{"count":1,"href":"https:\/\/www.mtv-in.de\/schach\/wp-json\/wp\/v2\/posts\/1217\/revisions"}],"predecessor-version":[{"id":8482,"href":"https:\/\/www.mtv-in.de\/schach\/wp-json\/wp\/v2\/posts\/1217\/revisions\/8482"}],"wp:attachment":[{"href":"https:\/\/www.mtv-in.de\/schach\/wp-json\/wp\/v2\/media?parent=1217"}],"wp:term":[{"taxonomy":"category","embeddable":true,"href":"https:\/\/www.mtv-in.de\/schach\/wp-json\/wp\/v2\/categories?post=1217"},{"taxonomy":"post_tag","embeddable":true,"href":"https:\/\/www.mtv-in.de\/schach\/wp-json\/wp\/v2\/tags?post=1217"}],"curies":[{"name":"wp","href":"https:\/\/api.w.org\/{rel}","templated":true}]}}