{"id":1349,"date":"2013-04-02T17:23:36","date_gmt":"2013-04-02T15:23:36","guid":{"rendered":"http:\/\/www.mtv-in.de\/schach\/?p=1349"},"modified":"2018-05-18T09:40:29","modified_gmt":"2018-05-18T07:40:29","slug":"2-tag","status":"publish","type":"post","link":"https:\/\/www.mtv-in.de\/schach\/2013\/04\/2-tag\/","title":{"rendered":"2. Tag"},"content":{"rendered":"<p>Heute am zweiten Tag der Bayerischen-M\u00e4dchen-EM war Dilan Hacklinger meine erste Gegnerin. Im vierten Zug tappte ich in eine Er\u00f6ffnungsfalle und hatte einen Bauern eingeb\u00fcst. Im Mittelspiel waren meine Figuren aktiver. Leider tauschte ich falsch, was mir ein verlorenes Endspiel bescherte. Das zweite Spiel des Tages musste ich gegen Kristina Shvatsmann spielen. Die mir bestens bekannte Spielerin startete wie immer einen K\u00f6nigsangriff, den ich abwehren konnte. Dann wollte sie einen Bauern gewinnen, \u00fcbersah jedoch ein Abzugsschach und verlor dabei eine Figur. Leider behielt sie einen Freibauern auf der sechsten Reihe, den ich \u00fcbersch\u00e4tzte. Deshalb gab ich meine Figur zur\u00fcck und einigte mich anschlie\u00dfend auf Remis.<\/p>\n<p><a href=\"http:\/\/www.bayerische-schachjugend.de\/\" target=\"_blank\">Weitere Infos<\/a><\/p>\n<p>&nbsp;<\/p>\n<figure style=\"width: 300px\" class=\"wp-caption alignnone\"><a href=\"https:\/\/www.mtv-in.de\/schach\/files\/2013\/04\/Bayerische-007.jpg\"><img loading=\"lazy\" decoding=\"async\" alt=\"Bayerische 007\" src=\"https:\/\/www.mtv-in.de\/schach\/files\/2013\/04\/Bayerische-007-300x225.jpg\" width=\"300\" height=\"225\" \/><\/a><figcaption class=\"wp-caption-text\">Spitzenpaarungen<\/figcaption><\/figure>\n<p><a href=\"https:\/\/www.mtv-in.de\/schach\/files\/2013\/04\/Bayerische-007.jpg\"><img loading=\"lazy\" decoding=\"async\" class=\"alignnone size-medium wp-image-1350\" alt=\"Bayerische 007\" src=\"https:\/\/www.mtv-in.de\/schach\/files\/2013\/04\/Bayerische-007-300x225.jpg\" width=\"300\" height=\"225\" \/><\/a><\/p>\n<figure id=\"attachment_1351\" aria-describedby=\"caption-attachment-1351\" style=\"width: 300px\" class=\"wp-caption alignnone\"><a href=\"https:\/\/www.mtv-in.de\/schach\/files\/2013\/04\/Bayerische-1.jpg\"><img loading=\"lazy\" decoding=\"async\" class=\"size-medium wp-image-1351\" alt=\"Warmspielen\" src=\"https:\/\/www.mtv-in.de\/schach\/files\/2013\/04\/Bayerische-1-300x225.jpg\" width=\"300\" height=\"225\" \/><\/a><figcaption id=\"caption-attachment-1351\" class=\"wp-caption-text\">Warmspielen<\/figcaption><\/figure>\n<figure id=\"attachment_1352\" aria-describedby=\"caption-attachment-1352\" style=\"width: 300px\" class=\"wp-caption alignnone\"><a href=\"https:\/\/www.mtv-in.de\/schach\/files\/2013\/04\/Bayerische-002.jpg\"><img loading=\"lazy\" decoding=\"async\" class=\"size-medium wp-image-1352\" alt=\"Bayerische 002\" src=\"https:\/\/www.mtv-in.de\/schach\/files\/2013\/04\/Bayerische-002-300x225.jpg\" width=\"300\" height=\"225\" \/><\/a><figcaption id=\"caption-attachment-1352\" class=\"wp-caption-text\">Helena und Sarah, die gemeinsam an der bayerischen Vereinsmeisterschaft teilnehmen.<\/figcaption><\/figure>\n<figure id=\"attachment_1353\" aria-describedby=\"caption-attachment-1353\" style=\"width: 300px\" class=\"wp-caption alignnone\"><a href=\"https:\/\/www.mtv-in.de\/schach\/files\/2013\/04\/Bayerische-003.jpg\"><img loading=\"lazy\" decoding=\"async\" class=\"size-medium wp-image-1353\" alt=\"Bayerische 003\" src=\"https:\/\/www.mtv-in.de\/schach\/files\/2013\/04\/Bayerische-003-300x225.jpg\" width=\"300\" height=\"225\" \/><\/a><figcaption id=\"caption-attachment-1353\" class=\"wp-caption-text\">Runde 1<\/figcaption><\/figure>\n<figure id=\"attachment_1354\" aria-describedby=\"caption-attachment-1354\" style=\"width: 300px\" class=\"wp-caption alignnone\"><a href=\"https:\/\/www.mtv-in.de\/schach\/files\/2013\/04\/Bayerische-004.jpg\"><img loading=\"lazy\" decoding=\"async\" class=\"size-medium wp-image-1354\" alt=\"Bayerische 004\" src=\"https:\/\/www.mtv-in.de\/schach\/files\/2013\/04\/Bayerische-004-300x225.jpg\" width=\"300\" height=\"225\" \/><\/a><figcaption id=\"caption-attachment-1354\" class=\"wp-caption-text\">Runde 2<\/figcaption><\/figure>\n<figure id=\"attachment_1355\" aria-describedby=\"caption-attachment-1355\" style=\"width: 300px\" class=\"wp-caption alignnone\"><a href=\"https:\/\/www.mtv-in.de\/schach\/files\/2013\/04\/Bayerische-005.jpg\"><img loading=\"lazy\" decoding=\"async\" class=\"size-medium wp-image-1355\" alt=\"Bayerische 005\" src=\"https:\/\/www.mtv-in.de\/schach\/files\/2013\/04\/Bayerische-005-300x225.jpg\" width=\"300\" height=\"225\" \/><\/a><figcaption id=\"caption-attachment-1355\" class=\"wp-caption-text\">Runde 3<\/figcaption><\/figure>\n<figure id=\"attachment_1356\" aria-describedby=\"caption-attachment-1356\" style=\"width: 300px\" class=\"wp-caption alignnone\"><a href=\"https:\/\/www.mtv-in.de\/schach\/files\/2013\/04\/Bayerische-006.jpg\"><img loading=\"lazy\" decoding=\"async\" class=\"size-medium wp-image-1356 \" alt=\"Bayerische 006\" src=\"https:\/\/www.mtv-in.de\/schach\/files\/2013\/04\/Bayerische-006-300x225.jpg\" width=\"300\" height=\"225\" \/><\/a><figcaption id=\"caption-attachment-1356\" class=\"wp-caption-text\">Brett 3 bis 6<\/figcaption><\/figure>\n<p>&nbsp;<\/p>\n","protected":false},"excerpt":{"rendered":"<p>Heute am zweiten Tag der Bayerischen-M\u00e4dchen-EM war Dilan Hacklinger meine erste Gegnerin. Im vierten Zug tappte ich in eine Er\u00f6ffnungsfalle und hatte einen Bauern eingeb\u00fcst. Im Mittelspiel waren meine Figuren aktiver. Leider tauschte ich falsch, was mir ein verlorenes Endspiel bescherte. Das zweite Spiel des Tages musste ich gegen Kristina Shvatsmann spielen. Die mir bestens [&hellip;]<\/p>\n","protected":false},"author":82,"featured_media":0,"comment_status":"closed","ping_status":"closed","sticky":false,"template":"","format":"standard","meta":{"footnotes":""},"categories":[1],"tags":[],"class_list":["post-1349","post","type-post","status-publish","format-standard","hentry","category-allgemein"],"_links":{"self":[{"href":"https:\/\/www.mtv-in.de\/schach\/wp-json\/wp\/v2\/posts\/1349","targetHints":{"allow":["GET"]}}],"collection":[{"href":"https:\/\/www.mtv-in.de\/schach\/wp-json\/wp\/v2\/posts"}],"about":[{"href":"https:\/\/www.mtv-in.de\/schach\/wp-json\/wp\/v2\/types\/post"}],"author":[{"embeddable":true,"href":"https:\/\/www.mtv-in.de\/schach\/wp-json\/wp\/v2\/users\/82"}],"replies":[{"embeddable":true,"href":"https:\/\/www.mtv-in.de\/schach\/wp-json\/wp\/v2\/comments?post=1349"}],"version-history":[{"count":6,"href":"https:\/\/www.mtv-in.de\/schach\/wp-json\/wp\/v2\/posts\/1349\/revisions"}],"predecessor-version":[{"id":8511,"href":"https:\/\/www.mtv-in.de\/schach\/wp-json\/wp\/v2\/posts\/1349\/revisions\/8511"}],"wp:attachment":[{"href":"https:\/\/www.mtv-in.de\/schach\/wp-json\/wp\/v2\/media?parent=1349"}],"wp:term":[{"taxonomy":"category","embeddable":true,"href":"https:\/\/www.mtv-in.de\/schach\/wp-json\/wp\/v2\/categories?post=1349"},{"taxonomy":"post_tag","embeddable":true,"href":"https:\/\/www.mtv-in.de\/schach\/wp-json\/wp\/v2\/tags?post=1349"}],"curies":[{"name":"wp","href":"https:\/\/api.w.org\/{rel}","templated":true}]}}