{"id":1362,"date":"2013-04-03T17:28:05","date_gmt":"2013-04-03T15:28:05","guid":{"rendered":"http:\/\/www.mtv-in.de\/schach\/?p=1362"},"modified":"2018-05-18T09:40:29","modified_gmt":"2018-05-18T07:40:29","slug":"3-tag","status":"publish","type":"post","link":"https:\/\/www.mtv-in.de\/schach\/2013\/04\/3-tag\/","title":{"rendered":"3.Tag"},"content":{"rendered":"<p>Sarah traf mit den wei\u00dfen Steinen auf ihre Freundin Eva Schilay vom SK Neumarkt. Bereits in der Er\u00f6ffnung konnte sie einen Bauern gewinnen und anschlie\u00dfend ihre Figuren aktiver stellen. Trotz Gewinn eines weiteren Bauern und zahlreicher verpasster M\u00f6glichkeiten die Partie f\u00fcr sich zu entscheiden reichte es erneut nur zu einem Remis.<\/p>\n<p>Am Nachmittag war dann frei. Das Betreuerteam um Lea organisierte eine sehr abwechslungsreiche Rallay mit vielen Stationen, an denen unterschiedliche Aufgaben gel\u00f6st werden mussten.<\/p>\n<p>Morgen hei\u00dft die Gegnerin Sindy Kail, die letzj\u00e4hrige U12 Meisterin.<\/p>\n<p>&nbsp;<\/p>\n<figure id=\"attachment_1365\" aria-describedby=\"caption-attachment-1365\" style=\"width: 300px\" class=\"wp-caption alignnone\"><a href=\"https:\/\/www.mtv-in.de\/schach\/files\/2013\/04\/Bayerische-032.jpg\"><img loading=\"lazy\" decoding=\"async\" class=\"size-medium wp-image-1365\" alt=\"Bayerische 032\" src=\"https:\/\/www.mtv-in.de\/schach\/files\/2013\/04\/Bayerische-032-300x225.jpg\" width=\"300\" height=\"225\" \/><\/a><figcaption id=\"caption-attachment-1365\" class=\"wp-caption-text\">Werwolf, ein Spiel, dass die Eltern nicht verstehen<\/figcaption><\/figure>\n<figure id=\"attachment_1366\" aria-describedby=\"caption-attachment-1366\" style=\"width: 300px\" class=\"wp-caption alignnone\"><a href=\"https:\/\/www.mtv-in.de\/schach\/files\/2013\/04\/Bayerische-016.jpg\"><img loading=\"lazy\" decoding=\"async\" class=\"size-medium wp-image-1366\" alt=\"Bayerische 016\" src=\"https:\/\/www.mtv-in.de\/schach\/files\/2013\/04\/Bayerische-016-300x225.jpg\" width=\"300\" height=\"225\" \/><\/a><figcaption id=\"caption-attachment-1366\" class=\"wp-caption-text\">Spielzimmer<\/figcaption><\/figure>\n<figure id=\"attachment_1372\" aria-describedby=\"caption-attachment-1372\" style=\"width: 300px\" class=\"wp-caption alignnone\"><a href=\"https:\/\/www.mtv-in.de\/schach\/files\/2013\/04\/Bayerische-028.jpg\"><img loading=\"lazy\" decoding=\"async\" class=\"size-medium wp-image-1372\" alt=\"Bayerische 028\" src=\"https:\/\/www.mtv-in.de\/schach\/files\/2013\/04\/Bayerische-028-300x225.jpg\" width=\"300\" height=\"225\" \/><\/a><figcaption id=\"caption-attachment-1372\" class=\"wp-caption-text\">Spitzenpaarungen Runde 4<\/figcaption><\/figure>\n<figure id=\"attachment_1374\" aria-describedby=\"caption-attachment-1374\" style=\"width: 300px\" class=\"wp-caption alignnone\"><a href=\"https:\/\/www.mtv-in.de\/schach\/files\/2013\/04\/Bayerische-031.jpg\"><img loading=\"lazy\" decoding=\"async\" class=\"size-medium wp-image-1374\" alt=\"Bayerische 031\" src=\"https:\/\/www.mtv-in.de\/schach\/files\/2013\/04\/Bayerische-031-300x225.jpg\" width=\"300\" height=\"225\" \/><\/a><figcaption id=\"caption-attachment-1374\" class=\"wp-caption-text\">Werwolf<\/figcaption><\/figure>\n<figure id=\"attachment_1373\" aria-describedby=\"caption-attachment-1373\" style=\"width: 300px\" class=\"wp-caption alignnone\"><a href=\"https:\/\/www.mtv-in.de\/schach\/files\/2013\/04\/Bayerische-029.jpg\"><img loading=\"lazy\" decoding=\"async\" class=\"size-medium wp-image-1373\" alt=\"Bayerische 029\" src=\"https:\/\/www.mtv-in.de\/schach\/files\/2013\/04\/Bayerische-029-300x225.jpg\" width=\"300\" height=\"225\" \/><\/a><figcaption id=\"caption-attachment-1373\" class=\"wp-caption-text\">Werwolf, alle M\u00e4dchen sind dabei<\/figcaption><\/figure>\n<figure id=\"attachment_1369\" aria-describedby=\"caption-attachment-1369\" style=\"width: 300px\" class=\"wp-caption alignnone\"><a href=\"https:\/\/www.mtv-in.de\/schach\/files\/2013\/04\/Bayerische-023.jpg\"><img loading=\"lazy\" decoding=\"async\" class=\"size-medium wp-image-1369\" alt=\"Bayerische 023\" src=\"https:\/\/www.mtv-in.de\/schach\/files\/2013\/04\/Bayerische-023-300x225.jpg\" width=\"300\" height=\"225\" \/><\/a><figcaption id=\"caption-attachment-1369\" class=\"wp-caption-text\">links: Alina Damrich<br \/>rechts: Sarah<\/figcaption><\/figure>\n<figure id=\"attachment_1371\" aria-describedby=\"caption-attachment-1371\" style=\"width: 300px\" class=\"wp-caption alignnone\"><a href=\"https:\/\/www.mtv-in.de\/schach\/files\/2013\/04\/Bayerische-026.jpg\"><img loading=\"lazy\" decoding=\"async\" class=\"size-medium wp-image-1371\" alt=\"Bayerische 026\" src=\"https:\/\/www.mtv-in.de\/schach\/files\/2013\/04\/Bayerische-026-300x225.jpg\" width=\"300\" height=\"225\" \/><\/a><figcaption id=\"caption-attachment-1371\" class=\"wp-caption-text\">Betreueransturm vor Rundenbeginn und f\u00fcr 20 min nach Partiebeginn<\/figcaption><\/figure>\n<p><a href=\"https:\/\/www.mtv-in.de\/schach\/files\/2013\/04\/Bayerische-019.jpg\"><img loading=\"lazy\" decoding=\"async\" class=\"alignnone size-medium wp-image-1367\" alt=\"Bayerische 019\" src=\"https:\/\/www.mtv-in.de\/schach\/files\/2013\/04\/Bayerische-019-300x225.jpg\" width=\"300\" height=\"225\" \/><\/a> <a href=\"https:\/\/www.mtv-in.de\/schach\/files\/2013\/04\/Bayerische-022.jpg\"><img loading=\"lazy\" decoding=\"async\" class=\"alignnone size-medium wp-image-1368\" alt=\"Bayerische 022\" src=\"https:\/\/www.mtv-in.de\/schach\/files\/2013\/04\/Bayerische-022-300x225.jpg\" width=\"300\" height=\"225\" \/><\/a> <a href=\"https:\/\/www.mtv-in.de\/schach\/files\/2013\/04\/Bayerische-024.jpg\"><img loading=\"lazy\" decoding=\"async\" class=\"alignnone size-medium wp-image-1370\" alt=\"Bayerische 024\" src=\"https:\/\/www.mtv-in.de\/schach\/files\/2013\/04\/Bayerische-024-300x225.jpg\" width=\"300\" height=\"225\" \/><\/a><\/p>\n","protected":false},"excerpt":{"rendered":"<p>Sarah traf mit den wei\u00dfen Steinen auf ihre Freundin Eva Schilay vom SK Neumarkt. Bereits in der Er\u00f6ffnung konnte sie einen Bauern gewinnen und anschlie\u00dfend ihre Figuren aktiver stellen. Trotz Gewinn eines weiteren Bauern und zahlreicher verpasster M\u00f6glichkeiten die Partie f\u00fcr sich zu entscheiden reichte es erneut nur zu einem Remis. Am Nachmittag war dann [&hellip;]<\/p>\n","protected":false},"author":55,"featured_media":0,"comment_status":"closed","ping_status":"closed","sticky":false,"template":"","format":"standard","meta":{"footnotes":""},"categories":[1],"tags":[],"class_list":["post-1362","post","type-post","status-publish","format-standard","hentry","category-allgemein"],"_links":{"self":[{"href":"https:\/\/www.mtv-in.de\/schach\/wp-json\/wp\/v2\/posts\/1362","targetHints":{"allow":["GET"]}}],"collection":[{"href":"https:\/\/www.mtv-in.de\/schach\/wp-json\/wp\/v2\/posts"}],"about":[{"href":"https:\/\/www.mtv-in.de\/schach\/wp-json\/wp\/v2\/types\/post"}],"author":[{"embeddable":true,"href":"https:\/\/www.mtv-in.de\/schach\/wp-json\/wp\/v2\/users\/55"}],"replies":[{"embeddable":true,"href":"https:\/\/www.mtv-in.de\/schach\/wp-json\/wp\/v2\/comments?post=1362"}],"version-history":[{"count":4,"href":"https:\/\/www.mtv-in.de\/schach\/wp-json\/wp\/v2\/posts\/1362\/revisions"}],"predecessor-version":[{"id":1364,"href":"https:\/\/www.mtv-in.de\/schach\/wp-json\/wp\/v2\/posts\/1362\/revisions\/1364"}],"wp:attachment":[{"href":"https:\/\/www.mtv-in.de\/schach\/wp-json\/wp\/v2\/media?parent=1362"}],"wp:term":[{"taxonomy":"category","embeddable":true,"href":"https:\/\/www.mtv-in.de\/schach\/wp-json\/wp\/v2\/categories?post=1362"},{"taxonomy":"post_tag","embeddable":true,"href":"https:\/\/www.mtv-in.de\/schach\/wp-json\/wp\/v2\/tags?post=1362"}],"curies":[{"name":"wp","href":"https:\/\/api.w.org\/{rel}","templated":true}]}}