{"id":1464,"date":"2013-04-24T18:45:42","date_gmt":"2013-04-24T16:45:42","guid":{"rendered":"http:\/\/www.mtv-in.de\/schach\/?p=1464"},"modified":"2018-05-18T09:40:29","modified_gmt":"2018-05-18T07:40:29","slug":"bayerische-madchenvereinsmeisterschaft","status":"publish","type":"post","link":"https:\/\/www.mtv-in.de\/schach\/2013\/04\/bayerische-madchenvereinsmeisterschaft\/","title":{"rendered":"Bayerische M\u00e4dchenvereinsmeisterschaft"},"content":{"rendered":"<p>Kommenden Samstag findet die bayerische M\u00e4dchenvereinsmeisterschaft in Vaterstetten statt. Sarah unterst\u00fctzt die Spielerinnen vom Schachklub 1929 Mainaschaff. In der ersten Runde muss gleich ein hammer Gegner bew\u00e4ltigt werden. Der Schachlub Neumarkt wird vermutlich mit der Gastspielerin Alisa Semenova (Platz 2 der bayerischen Einzelmeisterschaft) und Eva Schilay (5.) antreten. Hier hei\u00dft die Devise gut schlafen und Vollgas von der ersten Minute.<\/p>\n<p><a href=\"https:\/\/www.mtv-in.de\/schach\/files\/2013\/04\/BayMMU14wAlleRunden.pdf\">BayMMU14wAlleRunden<\/a><\/p>\n","protected":false},"excerpt":{"rendered":"<p>Kommenden Samstag findet die bayerische M\u00e4dchenvereinsmeisterschaft in Vaterstetten statt. Sarah unterst\u00fctzt die Spielerinnen vom Schachklub 1929 Mainaschaff. In der ersten Runde muss gleich ein hammer Gegner bew\u00e4ltigt werden. Der Schachlub Neumarkt wird vermutlich mit der Gastspielerin Alisa Semenova (Platz 2 der bayerischen Einzelmeisterschaft) und Eva Schilay (5.) antreten. Hier hei\u00dft die Devise gut schlafen und [&hellip;]<\/p>\n","protected":false},"author":55,"featured_media":0,"comment_status":"closed","ping_status":"closed","sticky":false,"template":"","format":"standard","meta":{"footnotes":""},"categories":[1],"tags":[],"class_list":["post-1464","post","type-post","status-publish","format-standard","hentry","category-allgemein"],"_links":{"self":[{"href":"https:\/\/www.mtv-in.de\/schach\/wp-json\/wp\/v2\/posts\/1464","targetHints":{"allow":["GET"]}}],"collection":[{"href":"https:\/\/www.mtv-in.de\/schach\/wp-json\/wp\/v2\/posts"}],"about":[{"href":"https:\/\/www.mtv-in.de\/schach\/wp-json\/wp\/v2\/types\/post"}],"author":[{"embeddable":true,"href":"https:\/\/www.mtv-in.de\/schach\/wp-json\/wp\/v2\/users\/55"}],"replies":[{"embeddable":true,"href":"https:\/\/www.mtv-in.de\/schach\/wp-json\/wp\/v2\/comments?post=1464"}],"version-history":[{"count":4,"href":"https:\/\/www.mtv-in.de\/schach\/wp-json\/wp\/v2\/posts\/1464\/revisions"}],"predecessor-version":[{"id":8503,"href":"https:\/\/www.mtv-in.de\/schach\/wp-json\/wp\/v2\/posts\/1464\/revisions\/8503"}],"wp:attachment":[{"href":"https:\/\/www.mtv-in.de\/schach\/wp-json\/wp\/v2\/media?parent=1464"}],"wp:term":[{"taxonomy":"category","embeddable":true,"href":"https:\/\/www.mtv-in.de\/schach\/wp-json\/wp\/v2\/categories?post=1464"},{"taxonomy":"post_tag","embeddable":true,"href":"https:\/\/www.mtv-in.de\/schach\/wp-json\/wp\/v2\/tags?post=1464"}],"curies":[{"name":"wp","href":"https:\/\/api.w.org\/{rel}","templated":true}]}}