{"id":1790,"date":"2013-07-13T20:41:16","date_gmt":"2013-07-13T18:41:16","guid":{"rendered":"http:\/\/www.mtv-in.de\/schach\/?p=1790"},"modified":"2018-05-18T09:40:40","modified_gmt":"2018-05-18T07:40:40","slug":"sigerehrung-jugendvereinsmeisterschaft","status":"publish","type":"post","link":"https:\/\/www.mtv-in.de\/schach\/2013\/07\/sigerehrung-jugendvereinsmeisterschaft\/","title":{"rendered":"Siegerehrung Jugendvereinsmeisterschaft"},"content":{"rendered":"<p>Heute war der gro\u00dfe Tag unser 16 Teilnehmer an unserer Jugendvereinsmeisterschaft 2013. Bei unserer Gruppe `Fortgeschrittene\u00b4 nahmen Paul, Nils und Ben teil. Alle drei erst acht Jahre alt oder j\u00fcnger. Hier war ein heftiger Schlagabtausch mit ungewissem Ausgang von den Trainern erwartet worden. Doch \u00fcberraschend eindeutig fiel das Ergebnis aus; Ben gewann alle vier Partien des Rundensystem mit Hin- und R\u00fcckspiel. Paul und Nils hingegen einigten sich in beiden Partien auf Remis. Dadurch wurden beide zweite. Gratulation an alle drei zum erfolgreichen Absolvieren ihres ersten Turniers mit Notation.<\/p>\n<p>Besonders spannend war es bei der Gruppe `Profis\u00b4. Hier k\u00e4mpften gleich zwei Spieler und eine Spielerin um den Platz an der Sonne. Nach f\u00fcnf Runden hatten alle drei vier Punkte. Also musste die Buchholzwertung (Punkte der Gegner) die Entscheidung bringen. Mit 0,5 Buchholzpunkten lag Sarah vor Zeno, w\u00e4hrend Jan noch einen Punkt hinter Zeno lag. Also denkbar knapp. Zur Belohnung bekamen alle drei einen Pokal, zudem wurde Nicolas als bester Spieler U12 (Tabellen f\u00fcnfter) mit einer Troph\u00e4e geehrt. Zus\u00e4tzlich gab es f\u00fcr jeden Teilnehmer noch wertvolle Sachpreise, wie z. B. MP3-Player, Kopfh\u00f6ren, LED-Taschenlampen, Reiseschach, B\u00fccher mit Leselampe, VW-Sportbeutel bef\u00fcllt mit Sonnencap, Wasserball und Schwimmringring. Hier gilt mein Dank unseren zahlreichen Sponsoren!<\/p>\n<p><a href=\"https:\/\/www.mtv-in.de\/schach\/files\/2013\/06\/Kastl.jpg\"><img loading=\"lazy\" decoding=\"async\" class=\"wp-image-1765 alignleft\" alt=\"Kastl\" src=\"https:\/\/www.mtv-in.de\/schach\/files\/2013\/06\/Kastl.jpg\" width=\"311\" height=\"143\" srcset=\"https:\/\/www.mtv-in.de\/schach\/files\/2013\/06\/Kastl.jpg 1438w, https:\/\/www.mtv-in.de\/schach\/files\/2013\/06\/Kastl-300x138.jpg 300w, https:\/\/www.mtv-in.de\/schach\/files\/2013\/06\/Kastl-768x354.jpg 768w, https:\/\/www.mtv-in.de\/schach\/files\/2013\/06\/Kastl-1024x471.jpg 1024w\" sizes=\"auto, (max-width: 311px) 100vw, 311px\" \/><\/a><\/p>\n<p>&nbsp;<\/p>\n<p>&nbsp;<\/p>\n<p>&nbsp;<\/p>\n<p>&nbsp;<\/p>\n<p>&nbsp;<\/p>\n<p><a href=\"https:\/\/www.mtv-in.de\/schach\/files\/2013\/06\/CLIP-0A83344F.jpg\"><img loading=\"lazy\" decoding=\"async\" class=\"size-full wp-image-1758 alignleft\" alt=\"CLIP-0A83344F\" src=\"https:\/\/www.mtv-in.de\/schach\/files\/2013\/06\/CLIP-0A83344F.jpg\" width=\"204\" height=\"80\" \/><\/a><\/p>\n<p>&nbsp;<\/p>\n<p>&nbsp;<\/p>\n<p>&nbsp;<\/p>\n<p>&nbsp;<\/p>\n<p><a href=\"https:\/\/www.mtv-in.de\/schach\/files\/2013\/06\/logo.png\"><img loading=\"lazy\" decoding=\"async\" class=\"size-full wp-image-1769 alignleft\" alt=\"logo\" src=\"https:\/\/www.mtv-in.de\/schach\/files\/2013\/06\/logo.png\" width=\"121\" height=\"30\" \/><\/a><\/p>\n<p>&nbsp;<\/p>\n<p><a href=\"https:\/\/www.mtv-in.de\/schach\/files\/2013\/07\/VM2013-011.jpg\"><img loading=\"lazy\" decoding=\"async\" class=\"alignnone size-medium wp-image-1833\" alt=\"VM2013 011\" src=\"https:\/\/www.mtv-in.de\/schach\/files\/2013\/07\/VM2013-011-300x225.jpg\" width=\"300\" height=\"225\" \/><\/a> <a href=\"https:\/\/www.mtv-in.de\/schach\/files\/2013\/07\/VM2013-010.jpg\"><img loading=\"lazy\" decoding=\"async\" class=\"alignnone size-medium wp-image-1832\" alt=\"VM2013 010\" src=\"https:\/\/www.mtv-in.de\/schach\/files\/2013\/07\/VM2013-010-300x225.jpg\" width=\"300\" height=\"225\" \/><\/a> <a href=\"https:\/\/www.mtv-in.de\/schach\/files\/2013\/07\/VM2013-006.jpg\"><img loading=\"lazy\" decoding=\"async\" class=\"alignnone size-medium wp-image-1831\" alt=\"VM2013 006\" src=\"https:\/\/www.mtv-in.de\/schach\/files\/2013\/07\/VM2013-006-300x225.jpg\" width=\"300\" height=\"225\" \/><\/a> <a href=\"https:\/\/www.mtv-in.de\/schach\/files\/2013\/07\/VM2013-004.jpg\"><img loading=\"lazy\" decoding=\"async\" class=\"alignnone size-medium wp-image-1830\" alt=\"VM2013 004\" src=\"https:\/\/www.mtv-in.de\/schach\/files\/2013\/07\/VM2013-004-300x225.jpg\" width=\"300\" height=\"225\" \/><\/a> <a href=\"https:\/\/www.mtv-in.de\/schach\/files\/2013\/07\/VM2013-014.jpg\"><img loading=\"lazy\" decoding=\"async\" class=\"alignnone size-medium wp-image-1829\" alt=\"VM2013 014\" src=\"https:\/\/www.mtv-in.de\/schach\/files\/2013\/07\/VM2013-014-300x225.jpg\" width=\"300\" height=\"225\" \/><\/a><a href=\"https:\/\/www.mtv-in.de\/schach\/files\/2013\/07\/VM2013-016.jpg\"><img loading=\"lazy\" decoding=\"async\" class=\"alignnone size-medium wp-image-1842\" alt=\"VM2013 016\" src=\"https:\/\/www.mtv-in.de\/schach\/files\/2013\/07\/VM2013-016-300x225.jpg\" width=\"300\" height=\"225\" \/><\/a><\/p>\n<p><a href=\"https:\/\/www.mtv-in.de\/schach\/files\/2013\/07\/jugend2013.pdf\">jugend2013<\/a><\/p>\n","protected":false},"excerpt":{"rendered":"<p>Heute war der gro\u00dfe Tag unser 16 Teilnehmer an unserer Jugendvereinsmeisterschaft 2013. Bei unserer Gruppe `Fortgeschrittene\u00b4 nahmen Paul, Nils und Ben teil. Alle drei erst acht Jahre alt oder j\u00fcnger. Hier war ein heftiger Schlagabtausch mit ungewissem Ausgang von den Trainern erwartet worden. Doch \u00fcberraschend eindeutig fiel das Ergebnis aus; Ben gewann alle vier Partien [&hellip;]<\/p>\n","protected":false},"author":55,"featured_media":0,"comment_status":"closed","ping_status":"closed","sticky":false,"template":"","format":"standard","meta":{"footnotes":""},"categories":[1],"tags":[],"class_list":["post-1790","post","type-post","status-publish","format-standard","hentry","category-allgemein"],"_links":{"self":[{"href":"https:\/\/www.mtv-in.de\/schach\/wp-json\/wp\/v2\/posts\/1790","targetHints":{"allow":["GET"]}}],"collection":[{"href":"https:\/\/www.mtv-in.de\/schach\/wp-json\/wp\/v2\/posts"}],"about":[{"href":"https:\/\/www.mtv-in.de\/schach\/wp-json\/wp\/v2\/types\/post"}],"author":[{"embeddable":true,"href":"https:\/\/www.mtv-in.de\/schach\/wp-json\/wp\/v2\/users\/55"}],"replies":[{"embeddable":true,"href":"https:\/\/www.mtv-in.de\/schach\/wp-json\/wp\/v2\/comments?post=1790"}],"version-history":[{"count":13,"href":"https:\/\/www.mtv-in.de\/schach\/wp-json\/wp\/v2\/posts\/1790\/revisions"}],"predecessor-version":[{"id":8523,"href":"https:\/\/www.mtv-in.de\/schach\/wp-json\/wp\/v2\/posts\/1790\/revisions\/8523"}],"wp:attachment":[{"href":"https:\/\/www.mtv-in.de\/schach\/wp-json\/wp\/v2\/media?parent=1790"}],"wp:term":[{"taxonomy":"category","embeddable":true,"href":"https:\/\/www.mtv-in.de\/schach\/wp-json\/wp\/v2\/categories?post=1790"},{"taxonomy":"post_tag","embeddable":true,"href":"https:\/\/www.mtv-in.de\/schach\/wp-json\/wp\/v2\/tags?post=1790"}],"curies":[{"name":"wp","href":"https:\/\/api.w.org\/{rel}","templated":true}]}}