{"id":1955,"date":"2013-07-30T16:20:45","date_gmt":"2013-07-30T14:20:45","guid":{"rendered":"http:\/\/www.mtv-in.de\/schach\/?p=1955"},"modified":"2018-05-18T09:40:39","modified_gmt":"2018-05-18T07:40:39","slug":"ausflug-unserer-schachjugend-ubers-wochende","status":"publish","type":"post","link":"https:\/\/www.mtv-in.de\/schach\/2013\/07\/ausflug-unserer-schachjugend-ubers-wochende\/","title":{"rendered":"Ausflug unserer Schachjugend \u00fcbers Wochende"},"content":{"rendered":"<p>Am Freitag 19.07. fuhren wir voller Vorfreude zur Bergh\u00fctte nach \u00d6sterreich ins Zillertal. Um 18 Uhr trafen wir dort ein und bezogen die Zimmer. Danach verbrachten wir den Abend bei bestem Wetter gem\u00fctlich vor der H\u00fctte mit sehr guter Brotzeit und abwechslungsreichen Gesellschaftsspielen. Samstagvormittag wurde viel Schach gespielt und das Training in Form einer Schnitzeljagtvon den Betreuern vorbereitet. Die Kinder mussten hier ihrer Spielst\u00e4rke entsprechend Problemstellungen l\u00f6sen. Nicht nur die teilweise sehr anspruchsvollen Kombinationen machten den Teilnehmern zu schaffen, sondern auch Temperaturen um die 30\u00b0 C. Doch alle Kinder waren eifrig dabei und l\u00f6sten die Aufgaben erfolgreich.<\/p>\n<p>Abends wurde gemeinsam gegrillt, philosophiert und nat\u00fcrlich Schach gespielt. Am Sonntag erfolgte der Auszug aus der H\u00fctte und anschlie\u00dfen eine Wanderung zu einem nahegelegenen Wasserfall. Nach einem kurzen Anstieg erreichten wir unser Ziel und bestaunten die herabbrauenden Wassermassen. Wir g\u00f6nnten uns eine kurze Pause, bauten danach unweit des Wasserfalls in einem nahegelegenen Flussbett einen Staudamm und hatten riesigen Spa\u00df dabei. Steine von besonderer Form und Sch\u00f6nheit wurden als Andenken mitgenommen.<\/p>\n<p>Kurzum \u2013 das Wochenende verging f\u00fcr alle viel zu schnell!<\/p>\n<p>&nbsp;<\/p>\n<p>Leider hatten wir zwei kurzfristige Absagen zu verdauen, wobei schon die Anmeldezahl unter unseren Erwartungen blieb. Erfreulich war, dass ein potentielles Neumitglied die Gelegenheit nutzte engeren Kontakt herzustellen. Auch die teilnehmenden jugendlichen Mitglieder waren Begeistert, ebenso deren mitfahrenden Eltern. Einen besonderen Dank m\u00f6chte ich allen flei\u00dfigen Helfern sagen, die zum Erfolg dieses Wochenendes beigetragen haben.<\/p>\n<p>Auch im n\u00e4chsten Jahr m\u00f6chten wir diesen Wochenendtripp unserer Jugend anbieten und mal schauen, evtl. findet dann wieder ein Freundschaftsspiel gegen den Schachklub Tegernsee statt.<\/p>\n<p>&nbsp;<\/p>\n<p>geschrieben von Andreas Menrad<\/p>\n","protected":false},"excerpt":{"rendered":"<p>Am Freitag 19.07. fuhren wir voller Vorfreude zur Bergh\u00fctte nach \u00d6sterreich ins Zillertal. Um 18 Uhr trafen wir dort ein und bezogen die Zimmer. Danach verbrachten wir den Abend bei bestem Wetter gem\u00fctlich vor der H\u00fctte mit sehr guter Brotzeit und abwechslungsreichen Gesellschaftsspielen. Samstagvormittag wurde viel Schach gespielt und das Training in Form einer Schnitzeljagtvon [&hellip;]<\/p>\n","protected":false},"author":55,"featured_media":0,"comment_status":"closed","ping_status":"closed","sticky":false,"template":"","format":"standard","meta":{"footnotes":""},"categories":[1],"tags":[],"class_list":["post-1955","post","type-post","status-publish","format-standard","hentry","category-allgemein"],"_links":{"self":[{"href":"https:\/\/www.mtv-in.de\/schach\/wp-json\/wp\/v2\/posts\/1955","targetHints":{"allow":["GET"]}}],"collection":[{"href":"https:\/\/www.mtv-in.de\/schach\/wp-json\/wp\/v2\/posts"}],"about":[{"href":"https:\/\/www.mtv-in.de\/schach\/wp-json\/wp\/v2\/types\/post"}],"author":[{"embeddable":true,"href":"https:\/\/www.mtv-in.de\/schach\/wp-json\/wp\/v2\/users\/55"}],"replies":[{"embeddable":true,"href":"https:\/\/www.mtv-in.de\/schach\/wp-json\/wp\/v2\/comments?post=1955"}],"version-history":[{"count":4,"href":"https:\/\/www.mtv-in.de\/schach\/wp-json\/wp\/v2\/posts\/1955\/revisions"}],"predecessor-version":[{"id":8519,"href":"https:\/\/www.mtv-in.de\/schach\/wp-json\/wp\/v2\/posts\/1955\/revisions\/8519"}],"wp:attachment":[{"href":"https:\/\/www.mtv-in.de\/schach\/wp-json\/wp\/v2\/media?parent=1955"}],"wp:term":[{"taxonomy":"category","embeddable":true,"href":"https:\/\/www.mtv-in.de\/schach\/wp-json\/wp\/v2\/categories?post=1955"},{"taxonomy":"post_tag","embeddable":true,"href":"https:\/\/www.mtv-in.de\/schach\/wp-json\/wp\/v2\/tags?post=1955"}],"curies":[{"name":"wp","href":"https:\/\/api.w.org\/{rel}","templated":true}]}}