{"id":2526,"date":"2014-01-11T18:15:09","date_gmt":"2014-01-11T16:15:09","guid":{"rendered":"http:\/\/www.mtv-in.de\/schach\/?p=2526"},"modified":"2018-05-18T09:41:00","modified_gmt":"2018-05-18T07:41:00","slug":"u12-abschlusstag","status":"publish","type":"post","link":"https:\/\/www.mtv-in.de\/schach\/2014\/01\/u12-abschlusstag\/","title":{"rendered":"U12 Abschlusstag"},"content":{"rendered":"<p>Nach drei Spieltagen mit 9 von 11 spielen lag unsere U12 Mannschaft auf Rang 3 und hatte diesen gegen die Mannschaften Freising II und Abensberg abzusichern. In Lauerstellung lagen die starken Spieler und Spielerinnen vom SK Ingolstadt und SC Moosburg. Hierzu ben\u00f6tigten wir nur einen Mannschaftspunkt aus beiden Partien. Diesen wollten wir gleich gegen die Freisinger erspielen. Deshalb schickten wir Lukas Tyroller, Jonas Rackl, Lukas Weber und Ben Meyer in den Wettkampf. Die Freisinger waren leider nur zu dritt. Deshalb hatte Lukas keinen Gegner und wir lagen mit 1:0 in front. Auch f\u00fcr Ben sah es lange gut aus. Sein Gegner Yannik H\u00f6rmann schenkte Ben eine Figur, doch dies konnte Ben leider nicht verwerten, da er seinerseits zwei Figuren ungewohnt leichtfertig hergab. Danach waren die Zeit der gegenseitigen Geschenke leider vorbei und Yannik konnte den Sieg erspielen. Nicolas Fachner hatte mit dem freisinger Felix Westermeier keine Probleme und stellte den alten Ein-Punkte-Vorsprung wieder her. Auch Jonas Rackl und Ludwig Westermeier beschenkten sich gegenseitig mit Figuren, das bessere Ende hatte hier Jonas und wir siegten mit 3:1.<\/p>\n<p>Gegen den SK Abensberg kamen Lukas Tyroller, Nicolas Fachner, Lukas Weber und Daniel Gra\u00dfl zum Einsatz. Allerdings war die Konzentration fl\u00f6ten gegangen, nur Lukas Weber konnte souver\u00e4n gegen Elia R\u00f6mpler gewinnen. Daniel konnte einen normalerweise entscheidenden Materialvorsprung nicht verwerten und musste am Ende mit dem vereinbarten Remis bei Minusfigur \u00fcberaus zufrieden sein. Leider ging der Mannschaftskampf mit 2,5:1,5 verloren.<\/p>\n<p>Am Ende der Saison steht ein guter dritter Platz, wobei wir 8 von 9 m\u00f6glichen Spielern eingesetzt haben. Auch unsere Nachwuchsspieler (Jahrgang 2004 und 2005) haben ihre Eins\u00e4tze gehabt und wichtige Punkte f\u00fcr die Mannschaft gesammelt.<\/p>\n<p>Wir Gratulieren den Freisingern zur Titelverteidigung und den Beilngriesern zum zweiten Vizetitel hintereinander.<\/p>\n<p><a href=\"http:\/\/www.ligamanager.schachbund-bayern.de\/infs\/ergebnisse\/spielplan.htm?ligaId=503&amp;runde=11\" target=\"_blank\">Tabelle 2013\/14<\/a><\/p>\n<p><a href=\"http:\/\/www.ligamanager.schachbund-bayern.de\/infs-1213\/ergebnisse\/spielplan.htm?ligaId=393\" target=\"_blank\">Tabelle 2012\/13<\/a><\/p>\n<figure id=\"attachment_2538\" aria-describedby=\"caption-attachment-2538\" style=\"width: 300px\" class=\"wp-caption alignnone\"><a href=\"https:\/\/www.mtv-in.de\/schach\/files\/2014\/01\/U12-2014-015.jpg\"><img loading=\"lazy\" decoding=\"async\" class=\"size-medium wp-image-2538 \" alt=\"U12 2014 015\" src=\"https:\/\/www.mtv-in.de\/schach\/files\/2014\/01\/U12-2014-015-300x168.jpg\" width=\"300\" height=\"168\" \/><\/a><figcaption id=\"caption-attachment-2538\" class=\"wp-caption-text\">Platz 3, U12 (von links)<br \/>Trainer Leo, Lukas W., Ben, Jonas, Nicolas, Daniel G. es fehlen die in dieser Saison ebenfalls eingesetzten Luis, Lukas T., Daniel St.,<\/figcaption><\/figure>\n<figure id=\"attachment_2539\" aria-describedby=\"caption-attachment-2539\" style=\"width: 300px\" class=\"wp-caption alignnone\"><a href=\"https:\/\/www.mtv-in.de\/schach\/files\/2014\/01\/U12-2014-019.jpg\"><img loading=\"lazy\" decoding=\"async\" class=\"size-medium wp-image-2539\" alt=\"U12 2014 019\" src=\"https:\/\/www.mtv-in.de\/schach\/files\/2014\/01\/U12-2014-019-300x168.jpg\" width=\"300\" height=\"168\" \/><\/a><figcaption id=\"caption-attachment-2539\" class=\"wp-caption-text\">Platz 2, SC 1947 Beilngries mit Trainer Reinhard Blodig<\/figcaption><\/figure>\n<figure id=\"attachment_2527\" aria-describedby=\"caption-attachment-2527\" style=\"width: 300px\" class=\"wp-caption alignnone\"><a href=\"https:\/\/www.mtv-in.de\/schach\/files\/2014\/01\/U12-2014-020.jpg\"><img loading=\"lazy\" decoding=\"async\" class=\"size-medium wp-image-2527\" alt=\"U12 2014 020\" src=\"https:\/\/www.mtv-in.de\/schach\/files\/2014\/01\/U12-2014-020-300x168.jpg\" width=\"300\" height=\"168\" \/><\/a><figcaption id=\"caption-attachment-2527\" class=\"wp-caption-text\">\u00fcberragende Siegermannschaft U12<br \/>SK Freising mit Trainer und Spielleiter Christoph Zill<\/figcaption><\/figure>\n<p><a href=\"https:\/\/www.mtv-in.de\/schach\/files\/2014\/01\/U12-2014-004.jpg\"><img loading=\"lazy\" decoding=\"async\" class=\"alignnone size-medium wp-image-2528\" alt=\"U12 2014 004\" src=\"https:\/\/www.mtv-in.de\/schach\/files\/2014\/01\/U12-2014-004-300x168.jpg\" width=\"300\" height=\"168\" \/><\/a> <a href=\"https:\/\/www.mtv-in.de\/schach\/files\/2014\/01\/U12-2014-005.jpg\"><img loading=\"lazy\" decoding=\"async\" class=\"alignnone size-medium wp-image-2529\" alt=\"U12 2014 005\" src=\"https:\/\/www.mtv-in.de\/schach\/files\/2014\/01\/U12-2014-005-300x168.jpg\" width=\"300\" height=\"168\" \/><\/a> <a href=\"https:\/\/www.mtv-in.de\/schach\/files\/2014\/01\/U12-2014-006.jpg\"><img loading=\"lazy\" decoding=\"async\" class=\"alignnone size-medium wp-image-2530\" alt=\"U12 2014 006\" src=\"https:\/\/www.mtv-in.de\/schach\/files\/2014\/01\/U12-2014-006-300x168.jpg\" width=\"300\" height=\"168\" \/><\/a> <a href=\"https:\/\/www.mtv-in.de\/schach\/files\/2014\/01\/U12-2014-007.jpg\"><img loading=\"lazy\" decoding=\"async\" class=\"alignnone size-medium wp-image-2531\" alt=\"U12 2014 007\" src=\"https:\/\/www.mtv-in.de\/schach\/files\/2014\/01\/U12-2014-007-300x168.jpg\" width=\"300\" height=\"168\" \/><\/a> <a href=\"https:\/\/www.mtv-in.de\/schach\/files\/2014\/01\/U12-2014-008.jpg\"><img loading=\"lazy\" decoding=\"async\" class=\"alignnone size-medium wp-image-2532\" alt=\"U12 2014 008\" src=\"https:\/\/www.mtv-in.de\/schach\/files\/2014\/01\/U12-2014-008-300x168.jpg\" width=\"300\" height=\"168\" \/><\/a> <a href=\"https:\/\/www.mtv-in.de\/schach\/files\/2014\/01\/U12-2014-009.jpg\"><img loading=\"lazy\" decoding=\"async\" class=\"alignnone size-medium wp-image-2533\" alt=\"U12 2014 009\" src=\"https:\/\/www.mtv-in.de\/schach\/files\/2014\/01\/U12-2014-009-300x168.jpg\" width=\"300\" height=\"168\" \/><\/a> <a href=\"https:\/\/www.mtv-in.de\/schach\/files\/2014\/01\/U12-2014-011.jpg\"><img loading=\"lazy\" decoding=\"async\" class=\"alignnone size-medium wp-image-2534\" alt=\"U12 2014 011\" src=\"https:\/\/www.mtv-in.de\/schach\/files\/2014\/01\/U12-2014-011-300x168.jpg\" width=\"300\" height=\"168\" \/><\/a> <a href=\"https:\/\/www.mtv-in.de\/schach\/files\/2014\/01\/U12-2014-012.jpg\"><img loading=\"lazy\" decoding=\"async\" class=\"alignnone size-medium wp-image-2535\" alt=\"U12 2014 012\" src=\"https:\/\/www.mtv-in.de\/schach\/files\/2014\/01\/U12-2014-012-300x168.jpg\" width=\"300\" height=\"168\" \/><\/a> <a href=\"https:\/\/www.mtv-in.de\/schach\/files\/2014\/01\/U12-2014-013.jpg\"><img loading=\"lazy\" decoding=\"async\" class=\"alignnone size-medium wp-image-2536\" alt=\"U12 2014 013\" src=\"https:\/\/www.mtv-in.de\/schach\/files\/2014\/01\/U12-2014-013-300x168.jpg\" width=\"300\" height=\"168\" \/><\/a> <a href=\"https:\/\/www.mtv-in.de\/schach\/files\/2014\/01\/U12-2014-014.jpg\"><img loading=\"lazy\" decoding=\"async\" class=\"alignnone size-medium wp-image-2537\" alt=\"U12 2014 014\" src=\"https:\/\/www.mtv-in.de\/schach\/files\/2014\/01\/U12-2014-014-300x168.jpg\" width=\"300\" height=\"168\" \/><\/a><\/p>\n","protected":false},"excerpt":{"rendered":"<p>Nach drei Spieltagen mit 9 von 11 spielen lag unsere U12 Mannschaft auf Rang 3 und hatte diesen gegen die Mannschaften Freising II und Abensberg abzusichern. In Lauerstellung lagen die starken Spieler und Spielerinnen vom SK Ingolstadt und SC Moosburg. Hierzu ben\u00f6tigten wir nur einen Mannschaftspunkt aus beiden Partien. Diesen wollten wir gleich gegen die [&hellip;]<\/p>\n","protected":false},"author":55,"featured_media":0,"comment_status":"closed","ping_status":"closed","sticky":false,"template":"","format":"standard","meta":{"footnotes":""},"categories":[1],"tags":[],"class_list":["post-2526","post","type-post","status-publish","format-standard","hentry","category-allgemein"],"_links":{"self":[{"href":"https:\/\/www.mtv-in.de\/schach\/wp-json\/wp\/v2\/posts\/2526","targetHints":{"allow":["GET"]}}],"collection":[{"href":"https:\/\/www.mtv-in.de\/schach\/wp-json\/wp\/v2\/posts"}],"about":[{"href":"https:\/\/www.mtv-in.de\/schach\/wp-json\/wp\/v2\/types\/post"}],"author":[{"embeddable":true,"href":"https:\/\/www.mtv-in.de\/schach\/wp-json\/wp\/v2\/users\/55"}],"replies":[{"embeddable":true,"href":"https:\/\/www.mtv-in.de\/schach\/wp-json\/wp\/v2\/comments?post=2526"}],"version-history":[{"count":6,"href":"https:\/\/www.mtv-in.de\/schach\/wp-json\/wp\/v2\/posts\/2526\/revisions"}],"predecessor-version":[{"id":2545,"href":"https:\/\/www.mtv-in.de\/schach\/wp-json\/wp\/v2\/posts\/2526\/revisions\/2545"}],"wp:attachment":[{"href":"https:\/\/www.mtv-in.de\/schach\/wp-json\/wp\/v2\/media?parent=2526"}],"wp:term":[{"taxonomy":"category","embeddable":true,"href":"https:\/\/www.mtv-in.de\/schach\/wp-json\/wp\/v2\/categories?post=2526"},{"taxonomy":"post_tag","embeddable":true,"href":"https:\/\/www.mtv-in.de\/schach\/wp-json\/wp\/v2\/tags?post=2526"}],"curies":[{"name":"wp","href":"https:\/\/api.w.org\/{rel}","templated":true}]}}