{"id":2959,"date":"2014-05-19T11:34:21","date_gmt":"2014-05-19T09:34:21","guid":{"rendered":"http:\/\/www.mtv-in.de\/schach\/?p=2959"},"modified":"2018-05-18T09:41:18","modified_gmt":"2018-05-18T07:41:18","slug":"kreisversammlung-2","status":"publish","type":"post","link":"https:\/\/www.mtv-in.de\/schach\/2014\/05\/kreisversammlung-2\/","title":{"rendered":"Kreisversammlung"},"content":{"rendered":"<p>Bei der Kreisversammlung wurde beschlossen, die bisherige Bedenkzeit bei zu behalten. Dies bedeutet, dass der Kreis IN-FS die vom Bezirk beschlossene Fischerbedenkzeit ablehnt. Somit haben vor allem die guten Spieler mit unterschiedlichen Bedenkzeiten zurecht zu kommen.<\/p>\n<p>Der langj\u00e4hrige (1991 &#8211; 2008) Kreisvorsitzende Theo Ritter vom VFB Friedrichshofen wurde f\u00fcr sein ungebrochenes Engagement f\u00fcr den Schachkreis IN-FS mit der Ernennung zum Ehrenvorsitzenden geehrt. Herzlichen Gl\u00fcckwunsch.<\/p>\n","protected":false},"excerpt":{"rendered":"<p>Bei der Kreisversammlung wurde beschlossen, die bisherige Bedenkzeit bei zu behalten. Dies bedeutet, dass der Kreis IN-FS die vom Bezirk beschlossene Fischerbedenkzeit ablehnt. Somit haben vor allem die guten Spieler mit unterschiedlichen Bedenkzeiten zurecht zu kommen. Der langj\u00e4hrige (1991 &#8211; 2008) Kreisvorsitzende Theo Ritter vom VFB Friedrichshofen wurde f\u00fcr sein ungebrochenes Engagement f\u00fcr den Schachkreis [&hellip;]<\/p>\n","protected":false},"author":55,"featured_media":0,"comment_status":"closed","ping_status":"closed","sticky":false,"template":"","format":"standard","meta":{"footnotes":""},"categories":[1],"tags":[],"class_list":["post-2959","post","type-post","status-publish","format-standard","hentry","category-allgemein"],"_links":{"self":[{"href":"https:\/\/www.mtv-in.de\/schach\/wp-json\/wp\/v2\/posts\/2959","targetHints":{"allow":["GET"]}}],"collection":[{"href":"https:\/\/www.mtv-in.de\/schach\/wp-json\/wp\/v2\/posts"}],"about":[{"href":"https:\/\/www.mtv-in.de\/schach\/wp-json\/wp\/v2\/types\/post"}],"author":[{"embeddable":true,"href":"https:\/\/www.mtv-in.de\/schach\/wp-json\/wp\/v2\/users\/55"}],"replies":[{"embeddable":true,"href":"https:\/\/www.mtv-in.de\/schach\/wp-json\/wp\/v2\/comments?post=2959"}],"version-history":[{"count":2,"href":"https:\/\/www.mtv-in.de\/schach\/wp-json\/wp\/v2\/posts\/2959\/revisions"}],"predecessor-version":[{"id":2961,"href":"https:\/\/www.mtv-in.de\/schach\/wp-json\/wp\/v2\/posts\/2959\/revisions\/2961"}],"wp:attachment":[{"href":"https:\/\/www.mtv-in.de\/schach\/wp-json\/wp\/v2\/media?parent=2959"}],"wp:term":[{"taxonomy":"category","embeddable":true,"href":"https:\/\/www.mtv-in.de\/schach\/wp-json\/wp\/v2\/categories?post=2959"},{"taxonomy":"post_tag","embeddable":true,"href":"https:\/\/www.mtv-in.de\/schach\/wp-json\/wp\/v2\/tags?post=2959"}],"curies":[{"name":"wp","href":"https:\/\/api.w.org\/{rel}","templated":true}]}}