{"id":3120,"date":"2014-07-06T11:14:55","date_gmt":"2014-07-06T09:14:55","guid":{"rendered":"http:\/\/www.mtv-in.de\/schach\/?p=3120"},"modified":"2018-05-18T09:41:17","modified_gmt":"2018-05-18T07:41:17","slug":"gesundheitstag-ingolstadt","status":"publish","type":"post","link":"https:\/\/www.mtv-in.de\/schach\/2014\/07\/gesundheitstag-ingolstadt\/","title":{"rendered":"Gesundheitstag Ingolstadt"},"content":{"rendered":"<p>W\u00e4hrend des Gesundheitstages pr\u00e4sentierten wir unseren sch\u00f6nen Denksport Schach, der bei regelm\u00e4\u00dfiger Aus\u00fcbung einen erheblichen Beitrag leisten kann, Demenz im Alter zu verhindern. Das Ingolst\u00e4dter Gartenamt stellte uns ein rie\u00dfiges Gartenschach zur Verf\u00fcgung, welches von Jung und Alt mit gro\u00dfer Begeisterung ausprobiert wurde. Die Volleyballer des MTV liehen uns einen Pavillion, der alle Schach Interessierten vor starker Sonneneinstrahlung beim Spielen sch\u00fctzte. Besondere Aufmerksamkeit erregte das <a href=\"http:\/\/www.wendeschach.de\/seite7.html\" target=\"_blank\">Wendeschach<\/a>, bei dem immer nur die H\u00e4lfte der Figuren sichtbar sind und das Brett nach jedem Zug komplett gedeht werden muss.\u00a0 Unsere turniererfahrenen Senioren und Jugendlichen wurden ausgiebig als Spielpartner genutzt. Vielen Dank an dieser Stelle f\u00fcr die zahlreiche Unterst\u00fctzung. G\u00e4ste aus Bad T\u00f6lz und N\u00fcrnberg, und nat\u00fcrlich auch zahlreiche Schanzer, waren begeistert von der angebotenen Spielm\u00f6glichkeit. \u00dcberraschend f\u00fcr alle war unser im Raum Ingolstadt einzigartiges Angebot f\u00fcr M\u00e4dchen, die jeden Freitag von 18:30 Uhr bis 19:15 Uhr in einer eigenen Gruppe unterrichtet werden. Erst dananch sind die Trainingszeiten f\u00fcr unsere fortgeschrittenen Jungs und am Samstag trainieren dann unsere zahlreichen U12 Spieler von 10 bis 12 Uhr.\u00a0 Nat\u00fcrlich werden alle angebotenen Trainingszeiten von den Jugendlichen als Spielzeiten genutzt, so dass sich alle Kinder kennen und gegenseitig Unterst\u00fctzen.<\/p>\n<figure id=\"attachment_3127\" aria-describedby=\"caption-attachment-3127\" style=\"width: 300px\" class=\"wp-caption alignnone\"><a href=\"https:\/\/www.mtv-in.de\/schach\/files\/2014\/07\/1404554637767.jpg\"><img loading=\"lazy\" decoding=\"async\" class=\"wp-image-3127 size-medium\" src=\"https:\/\/www.mtv-in.de\/schach\/files\/2014\/07\/1404554637767-300x225.jpg\" alt=\"1404554637767\" width=\"300\" height=\"225\" \/><\/a><figcaption id=\"caption-attachment-3127\" class=\"wp-caption-text\">Wendeschach<\/figcaption><\/figure>\n<figure id=\"attachment_3126\" aria-describedby=\"caption-attachment-3126\" style=\"width: 225px\" class=\"wp-caption alignnone\"><a href=\"https:\/\/www.mtv-in.de\/schach\/files\/2014\/07\/1404550936432.jpg\"><img loading=\"lazy\" decoding=\"async\" class=\"wp-image-3126 size-medium\" src=\"https:\/\/www.mtv-in.de\/schach\/files\/2014\/07\/1404550936432-225x300.jpg\" alt=\"1404550936432\" width=\"225\" height=\"300\" \/><\/a><figcaption id=\"caption-attachment-3126\" class=\"wp-caption-text\">Schach bringt Jung und Alt zusammen<\/figcaption><\/figure>\n<figure id=\"attachment_3124\" aria-describedby=\"caption-attachment-3124\" style=\"width: 300px\" class=\"wp-caption alignnone\"><a href=\"https:\/\/www.mtv-in.de\/schach\/files\/2014\/07\/1404550828606.jpg\"><img loading=\"lazy\" decoding=\"async\" class=\"wp-image-3124 size-medium\" src=\"https:\/\/www.mtv-in.de\/schach\/files\/2014\/07\/1404550828606-300x225.jpg\" alt=\"1404550828606\" width=\"300\" height=\"225\" \/><\/a><figcaption id=\"caption-attachment-3124\" class=\"wp-caption-text\">\u00dcberraschend starker Gast gewinnt gegen Oberbayerische Meisterin<\/figcaption><\/figure>\n<figure id=\"attachment_3122\" aria-describedby=\"caption-attachment-3122\" style=\"width: 225px\" class=\"wp-caption alignnone\"><a href=\"https:\/\/www.mtv-in.de\/schach\/files\/2014\/07\/1404549011162.jpg\"><img loading=\"lazy\" decoding=\"async\" class=\"wp-image-3122 size-medium\" src=\"https:\/\/www.mtv-in.de\/schach\/files\/2014\/07\/1404549011162-225x300.jpg\" alt=\"1404549011162\" width=\"225\" height=\"300\" \/><\/a><figcaption id=\"caption-attachment-3122\" class=\"wp-caption-text\">Schachfreund Lucas hat immer tierische Unterst\u00fctzung dabei.<\/figcaption><\/figure>\n<p><a href=\"https:\/\/www.mtv-in.de\/schach\/files\/2014\/07\/1404548900480.jpg\"><img loading=\"lazy\" decoding=\"async\" class=\"alignnone size-medium wp-image-3121\" src=\"https:\/\/www.mtv-in.de\/schach\/files\/2014\/07\/1404548900480-300x225.jpg\" alt=\"1404548900480\" width=\"300\" height=\"225\" \/><\/a> <a href=\"https:\/\/www.mtv-in.de\/schach\/files\/2014\/07\/1404549114425.jpg\"><img loading=\"lazy\" decoding=\"async\" class=\"alignnone size-medium wp-image-3123\" src=\"https:\/\/www.mtv-in.de\/schach\/files\/2014\/07\/1404549114425-300x225.jpg\" alt=\"1404549114425\" width=\"300\" height=\"225\" \/><\/a> <a href=\"https:\/\/www.mtv-in.de\/schach\/files\/2014\/07\/1404550872500.jpg\"><img loading=\"lazy\" decoding=\"async\" class=\"alignnone size-medium wp-image-3125\" src=\"https:\/\/www.mtv-in.de\/schach\/files\/2014\/07\/1404550872500-300x225.jpg\" alt=\"1404550872500\" width=\"300\" height=\"225\" \/><\/a><\/p>\n","protected":false},"excerpt":{"rendered":"<p>W\u00e4hrend des Gesundheitstages pr\u00e4sentierten wir unseren sch\u00f6nen Denksport Schach, der bei regelm\u00e4\u00dfiger Aus\u00fcbung einen erheblichen Beitrag leisten kann, Demenz im Alter zu verhindern. Das Ingolst\u00e4dter Gartenamt stellte uns ein rie\u00dfiges Gartenschach zur Verf\u00fcgung, welches von Jung und Alt mit gro\u00dfer Begeisterung ausprobiert wurde. Die Volleyballer des MTV liehen uns einen Pavillion, der alle Schach Interessierten [&hellip;]<\/p>\n","protected":false},"author":55,"featured_media":0,"comment_status":"closed","ping_status":"closed","sticky":false,"template":"","format":"standard","meta":{"footnotes":""},"categories":[1],"tags":[],"class_list":["post-3120","post","type-post","status-publish","format-standard","hentry","category-allgemein"],"_links":{"self":[{"href":"https:\/\/www.mtv-in.de\/schach\/wp-json\/wp\/v2\/posts\/3120","targetHints":{"allow":["GET"]}}],"collection":[{"href":"https:\/\/www.mtv-in.de\/schach\/wp-json\/wp\/v2\/posts"}],"about":[{"href":"https:\/\/www.mtv-in.de\/schach\/wp-json\/wp\/v2\/types\/post"}],"author":[{"embeddable":true,"href":"https:\/\/www.mtv-in.de\/schach\/wp-json\/wp\/v2\/users\/55"}],"replies":[{"embeddable":true,"href":"https:\/\/www.mtv-in.de\/schach\/wp-json\/wp\/v2\/comments?post=3120"}],"version-history":[{"count":3,"href":"https:\/\/www.mtv-in.de\/schach\/wp-json\/wp\/v2\/posts\/3120\/revisions"}],"predecessor-version":[{"id":3130,"href":"https:\/\/www.mtv-in.de\/schach\/wp-json\/wp\/v2\/posts\/3120\/revisions\/3130"}],"wp:attachment":[{"href":"https:\/\/www.mtv-in.de\/schach\/wp-json\/wp\/v2\/media?parent=3120"}],"wp:term":[{"taxonomy":"category","embeddable":true,"href":"https:\/\/www.mtv-in.de\/schach\/wp-json\/wp\/v2\/categories?post=3120"},{"taxonomy":"post_tag","embeddable":true,"href":"https:\/\/www.mtv-in.de\/schach\/wp-json\/wp\/v2\/tags?post=3120"}],"curies":[{"name":"wp","href":"https:\/\/api.w.org\/{rel}","templated":true}]}}