{"id":3220,"date":"2014-09-13T10:48:10","date_gmt":"2014-09-13T08:48:10","guid":{"rendered":"http:\/\/www.mtv-in.de\/schach\/?p=3220"},"modified":"2018-05-18T09:41:28","modified_gmt":"2018-05-18T07:41:28","slug":"sommerfest-unserer-schachjugend","status":"publish","type":"post","link":"https:\/\/www.mtv-in.de\/schach\/2014\/09\/sommerfest-unserer-schachjugend\/","title":{"rendered":"Sommerfest unserer Schachjugend"},"content":{"rendered":"<p>Unsere Schachjugend traf sich gestern zum Sommerfest auf der <a href=\"http:\/\/www.minigolf-koesching.de\/\" target=\"_blank\">Minigolfanlage in K\u00f6sching<\/a>. Trotz Dauerregen hatte die Jugend viel Spass beim Minigolf.<\/p>\n<p><a href=\"https:\/\/www.mtv-in.de\/schach\/files\/2014\/09\/Minigolf-004B.jpg\"><img loading=\"lazy\" decoding=\"async\" class=\"alignnone size-medium wp-image-3225\" src=\"https:\/\/www.mtv-in.de\/schach\/files\/2014\/09\/Minigolf-004B-300x225.jpg\" alt=\"Minigolf 004B\" width=\"300\" height=\"225\" srcset=\"https:\/\/www.mtv-in.de\/schach\/files\/2014\/09\/Minigolf-004B-300x225.jpg 300w, https:\/\/www.mtv-in.de\/schach\/files\/2014\/09\/Minigolf-004B-768x576.jpg 768w, https:\/\/www.mtv-in.de\/schach\/files\/2014\/09\/Minigolf-004B-1024x768.jpg 1024w, https:\/\/www.mtv-in.de\/schach\/files\/2014\/09\/Minigolf-004B.jpg 1500w\" sizes=\"auto, (max-width: 300px) 100vw, 300px\" \/><\/a> <a href=\"https:\/\/www.mtv-in.de\/schach\/files\/2014\/09\/Minigolf-003B.jpg\"><img loading=\"lazy\" decoding=\"async\" class=\"alignnone size-medium wp-image-3224\" src=\"https:\/\/www.mtv-in.de\/schach\/files\/2014\/09\/Minigolf-003B-300x225.jpg\" alt=\"Minigolf 003B\" width=\"300\" height=\"225\" srcset=\"https:\/\/www.mtv-in.de\/schach\/files\/2014\/09\/Minigolf-003B-300x225.jpg 300w, https:\/\/www.mtv-in.de\/schach\/files\/2014\/09\/Minigolf-003B-768x576.jpg 768w, https:\/\/www.mtv-in.de\/schach\/files\/2014\/09\/Minigolf-003B-1024x768.jpg 1024w, https:\/\/www.mtv-in.de\/schach\/files\/2014\/09\/Minigolf-003B.jpg 1500w\" sizes=\"auto, (max-width: 300px) 100vw, 300px\" \/><\/a> <a href=\"https:\/\/www.mtv-in.de\/schach\/files\/2014\/09\/Minigolf-002B.jpg\"><img loading=\"lazy\" decoding=\"async\" class=\"alignnone size-medium wp-image-3223\" src=\"https:\/\/www.mtv-in.de\/schach\/files\/2014\/09\/Minigolf-002B-300x225.jpg\" alt=\"Minigolf 002B\" width=\"300\" height=\"225\" srcset=\"https:\/\/www.mtv-in.de\/schach\/files\/2014\/09\/Minigolf-002B-300x225.jpg 300w, https:\/\/www.mtv-in.de\/schach\/files\/2014\/09\/Minigolf-002B-768x576.jpg 768w, https:\/\/www.mtv-in.de\/schach\/files\/2014\/09\/Minigolf-002B-1024x768.jpg 1024w, https:\/\/www.mtv-in.de\/schach\/files\/2014\/09\/Minigolf-002B.jpg 1500w\" sizes=\"auto, (max-width: 300px) 100vw, 300px\" \/><\/a> <a href=\"https:\/\/www.mtv-in.de\/schach\/files\/2014\/09\/Minigolf-001B.jpg\"><img loading=\"lazy\" decoding=\"async\" class=\"alignnone size-medium wp-image-3222\" src=\"https:\/\/www.mtv-in.de\/schach\/files\/2014\/09\/Minigolf-001B-300x225.jpg\" alt=\"Minigolf 001B\" width=\"300\" height=\"225\" srcset=\"https:\/\/www.mtv-in.de\/schach\/files\/2014\/09\/Minigolf-001B-300x225.jpg 300w, https:\/\/www.mtv-in.de\/schach\/files\/2014\/09\/Minigolf-001B-768x576.jpg 768w, https:\/\/www.mtv-in.de\/schach\/files\/2014\/09\/Minigolf-001B-1024x768.jpg 1024w, https:\/\/www.mtv-in.de\/schach\/files\/2014\/09\/Minigolf-001B.jpg 1500w\" sizes=\"auto, (max-width: 300px) 100vw, 300px\" \/><\/a> <a href=\"https:\/\/www.mtv-in.de\/schach\/files\/2014\/09\/Minigolf-005B.jpg\"><img loading=\"lazy\" decoding=\"async\" class=\"alignnone size-medium wp-image-3221\" src=\"https:\/\/www.mtv-in.de\/schach\/files\/2014\/09\/Minigolf-005B-225x300.jpg\" alt=\"Minigolf 005B\" width=\"225\" height=\"300\" srcset=\"https:\/\/www.mtv-in.de\/schach\/files\/2014\/09\/Minigolf-005B-225x300.jpg 225w, https:\/\/www.mtv-in.de\/schach\/files\/2014\/09\/Minigolf-005B-768x1024.jpg 768w, https:\/\/www.mtv-in.de\/schach\/files\/2014\/09\/Minigolf-005B.jpg 1125w\" sizes=\"auto, (max-width: 225px) 100vw, 225px\" \/><\/a><\/p>\n<p>Die Eltern genossen lieber das Zusammentreffen bei einer guten Tasse Kaffe und dem leckeren selbstgemachten Kuchen im Wintergarten der Anlage. Bei netten Gespr\u00e4chen und spannenden Gesellschaftsspielen wurde die Zeit bis zum Grillen kurzweilig verbracht. Die Jugend spielte in den zwingend erforderlichen Minigolfpausen nat\u00fcrlich Schach und st\u00e4rkte sich am Buffet &#8211; Kuchen, verschiedene Salate, Baguette, Grillfleisch. Trotz schlechtest m\u00f6glichem Wetter war es eine gelungene Veranstaltung. Tanja hatte eine bestens geeignete Location zum Feiern ausgesucht. Vielen Dank f\u00fcr die mitgebrachten Kuchen- und Salate an Johanna, Tanja, Silke, Kathleen und Andreas.<\/p>\n","protected":false},"excerpt":{"rendered":"<p>Unsere Schachjugend traf sich gestern zum Sommerfest auf der Minigolfanlage in K\u00f6sching. Trotz Dauerregen hatte die Jugend viel Spass beim Minigolf. Die Eltern genossen lieber das Zusammentreffen bei einer guten Tasse Kaffe und dem leckeren selbstgemachten Kuchen im Wintergarten der Anlage. Bei netten Gespr\u00e4chen und spannenden Gesellschaftsspielen wurde die Zeit bis zum Grillen kurzweilig verbracht. [&hellip;]<\/p>\n","protected":false},"author":55,"featured_media":0,"comment_status":"closed","ping_status":"closed","sticky":false,"template":"","format":"standard","meta":{"footnotes":""},"categories":[1],"tags":[],"class_list":["post-3220","post","type-post","status-publish","format-standard","hentry","category-allgemein"],"_links":{"self":[{"href":"https:\/\/www.mtv-in.de\/schach\/wp-json\/wp\/v2\/posts\/3220","targetHints":{"allow":["GET"]}}],"collection":[{"href":"https:\/\/www.mtv-in.de\/schach\/wp-json\/wp\/v2\/posts"}],"about":[{"href":"https:\/\/www.mtv-in.de\/schach\/wp-json\/wp\/v2\/types\/post"}],"author":[{"embeddable":true,"href":"https:\/\/www.mtv-in.de\/schach\/wp-json\/wp\/v2\/users\/55"}],"replies":[{"embeddable":true,"href":"https:\/\/www.mtv-in.de\/schach\/wp-json\/wp\/v2\/comments?post=3220"}],"version-history":[{"count":2,"href":"https:\/\/www.mtv-in.de\/schach\/wp-json\/wp\/v2\/posts\/3220\/revisions"}],"predecessor-version":[{"id":3232,"href":"https:\/\/www.mtv-in.de\/schach\/wp-json\/wp\/v2\/posts\/3220\/revisions\/3232"}],"wp:attachment":[{"href":"https:\/\/www.mtv-in.de\/schach\/wp-json\/wp\/v2\/media?parent=3220"}],"wp:term":[{"taxonomy":"category","embeddable":true,"href":"https:\/\/www.mtv-in.de\/schach\/wp-json\/wp\/v2\/categories?post=3220"},{"taxonomy":"post_tag","embeddable":true,"href":"https:\/\/www.mtv-in.de\/schach\/wp-json\/wp\/v2\/tags?post=3220"}],"curies":[{"name":"wp","href":"https:\/\/api.w.org\/{rel}","templated":true}]}}