{"id":9881,"date":"2023-01-21T12:07:11","date_gmt":"2023-01-21T11:07:11","guid":{"rendered":"https:\/\/www.mtv-in.de\/schach\/?p=9881"},"modified":"2023-01-21T12:07:11","modified_gmt":"2023-01-21T11:07:11","slug":"turnier-zum-andenken-an-karl-meyer","status":"publish","type":"post","link":"https:\/\/www.mtv-in.de\/schach\/2023\/01\/turnier-zum-andenken-an-karl-meyer\/","title":{"rendered":"Turnier zum Andenken an Karl Meyer"},"content":{"rendered":"<p>Karl Meyer hatte die Schachabteilung ca. 30 Jahre lang geleitet (ca. 1980 bis 2009). Er war lange die Zeit die Seele der Schachabteilung und hat unerm\u00fcdlich die Wettk\u00e4mpfe organisiert, sich als Trainer um die Jugend gek\u00fcmmert und wir die Interessen des Schachs auf Verein, Kreis und Bezirksebene f\u00fcr unsere Interessen gek\u00e4mpft. Am 10. Januar 2023 w\u00e4re Karl Meyer 80 Jahre alt geworden. Leider ist Karl am 17. Oktober 2022 verstorben und konnte seinen Geburtstag nicht mehr mit uns feiern.<br \/>\nZum Andenken an Karl Meyer hat die Schachabteilung am 20.01.2023 ein abteilungsinternes Turnier veranstaltet. F\u00fcr dieses Turnier hatte Karl noch Preise im Wert von 500 EUR gestiftet.<\/p>\n<p><a href=\"https:\/\/www.mtv-in.de\/schach\/files\/2023\/01\/IMG_20230120_212150.jpg\"><img loading=\"lazy\" decoding=\"async\" class=\"aligncenter size-full wp-image-9882\" src=\"https:\/\/www.mtv-in.de\/schach\/files\/2023\/01\/IMG_20230120_212150.jpg\" alt=\"\" width=\"2200\" height=\"1650\" srcset=\"https:\/\/www.mtv-in.de\/schach\/files\/2023\/01\/IMG_20230120_212150.jpg 2200w, https:\/\/www.mtv-in.de\/schach\/files\/2023\/01\/IMG_20230120_212150-300x225.jpg 300w, https:\/\/www.mtv-in.de\/schach\/files\/2023\/01\/IMG_20230120_212150-768x576.jpg 768w, https:\/\/www.mtv-in.de\/schach\/files\/2023\/01\/IMG_20230120_212150-1024x768.jpg 1024w\" sizes=\"auto, (max-width: 2200px) 100vw, 2200px\" \/><\/a><\/p>\n<p><a href=\"https:\/\/www.mtv-in.de\/schach\/files\/2023\/01\/IMG_20230120_201658.jpg\"><img loading=\"lazy\" decoding=\"async\" class=\"aligncenter size-full wp-image-9883\" src=\"https:\/\/www.mtv-in.de\/schach\/files\/2023\/01\/IMG_20230120_201658.jpg\" alt=\"\" width=\"2200\" height=\"1650\" srcset=\"https:\/\/www.mtv-in.de\/schach\/files\/2023\/01\/IMG_20230120_201658.jpg 2200w, https:\/\/www.mtv-in.de\/schach\/files\/2023\/01\/IMG_20230120_201658-300x225.jpg 300w, https:\/\/www.mtv-in.de\/schach\/files\/2023\/01\/IMG_20230120_201658-768x576.jpg 768w, https:\/\/www.mtv-in.de\/schach\/files\/2023\/01\/IMG_20230120_201658-1024x768.jpg 1024w\" sizes=\"auto, (max-width: 2200px) 100vw, 2200px\" \/><\/a><\/p>\n<p>Wir haben 5 Runden Schnellschach im Schweizer System gespielt. Es gab eine Bedenkzeit von 15 Minuten und 5 Sekunden Inkrement pro Zug. Mit Eric, Leo und Lukas haben auch Jugendliche an dem Turnier teilgenommen. Es gewann Markus Lechermann vor Kai Hausmann und Michael Holgert. Mit einem DWZ Durchschnitt von ca. 1700 war dieses Turnier auch sehr stark besetzt. Es sind viele ernsthafte Partien gespielt worden, mit allen H\u00f6hen und Tiefen einer Schachpartie. Dies h\u00e4tte Karl Meyer bestimmt sehr gefreut.<\/p>\n<h3>Andenken Turnier Karl Meyer<\/h3>\n<table border=\"2\" cellspacing=\"2\" cellpadding=\"2\" bgcolor=\"#FFFFFF\">\n<thead>\n<tr>\n<td colspan=\"13\">Rangliste:\u00a0\u00a0Stand\u00a0nach\u00a0der\u00a05.\u00a0Runde<\/td>\n<\/tr>\n<tr bgcolor=\"#808080\">\n<th>Rang<\/th>\n<th>Teilnehmer<\/th>\n<th>Titel<\/th>\n<th>TWZ<\/th>\n<th>At<\/th>\n<th>Verein\/Ort<\/th>\n<th>Land<\/th>\n<th>S<\/th>\n<th>R<\/th>\n<th>V<\/th>\n<th>Punkte<\/th>\n<th>Buchh<\/th>\n<th>SoBerg<\/th>\n<\/tr>\n<\/thead>\n<tbody>\n<tr bgcolor=\"#FFFFFF\">\n<td>1<\/td>\n<td>Lechermann,Markus<\/td>\n<td><\/td>\n<td>2091<\/td>\n<td><\/td>\n<td>MTV\u00a0Ingolstadt<\/td>\n<td>GER<\/td>\n<td>4<\/td>\n<td>1<\/td>\n<td>0<\/td>\n<td>4.5<\/td>\n<td>16.0<\/td>\n<td>14.00<\/td>\n<\/tr>\n<tr bgcolor=\"#FFFFFF\">\n<td>2<\/td>\n<td>Hausmann,Kai<\/td>\n<td><\/td>\n<td>2006<\/td>\n<td><\/td>\n<td>MTV\u00a0Ingolstadt<\/td>\n<td>GER<\/td>\n<td>3<\/td>\n<td>2<\/td>\n<td>0<\/td>\n<td>4.0<\/td>\n<td>15.0<\/td>\n<td>11.00<\/td>\n<\/tr>\n<tr bgcolor=\"#FFFFFF\">\n<td>3<\/td>\n<td>Holgert,Michael<\/td>\n<td><\/td>\n<td>2051<\/td>\n<td><\/td>\n<td>MTV\u00a0Ingolstadt<\/td>\n<td>GER<\/td>\n<td>3<\/td>\n<td>1<\/td>\n<td>1<\/td>\n<td>3.5<\/td>\n<td>16.5<\/td>\n<td>10.00<\/td>\n<\/tr>\n<tr bgcolor=\"#FFFFFF\">\n<td>4<\/td>\n<td>G\u00fcrtler,Armin<\/td>\n<td><\/td>\n<td>1797<\/td>\n<td><\/td>\n<td>MTV\u00a0Ingolstadt<\/td>\n<td>GER<\/td>\n<td>3<\/td>\n<td>0<\/td>\n<td>2<\/td>\n<td>3.0<\/td>\n<td>13.5<\/td>\n<td>5.50<\/td>\n<\/tr>\n<tr bgcolor=\"#FFFFFF\">\n<td>5<\/td>\n<td>Muharemagic,Asim<\/td>\n<td><\/td>\n<td>2075<\/td>\n<td><\/td>\n<td>MTV\u00a0Ingolstadt<\/td>\n<td>SRB<\/td>\n<td>3<\/td>\n<td>0<\/td>\n<td>2<\/td>\n<td>3.0<\/td>\n<td>12.0<\/td>\n<td>4.00<\/td>\n<\/tr>\n<tr bgcolor=\"#FFFFFF\">\n<td>6<\/td>\n<td>Beller,Igor<\/td>\n<td><\/td>\n<td>1707<\/td>\n<td><\/td>\n<td>MTV\u00a0Ingolstadt<\/td>\n<td>GER<\/td>\n<td>2<\/td>\n<td>1<\/td>\n<td>2<\/td>\n<td>2.5<\/td>\n<td>11.5<\/td>\n<td>3.25<\/td>\n<\/tr>\n<tr bgcolor=\"#FFFFFF\">\n<td>7<\/td>\n<td>Navarro\u00a0Jahnke,Leo<\/td>\n<td><\/td>\n<td>1949<\/td>\n<td><\/td>\n<td>MTV\u00a0Ingolstadt<\/td>\n<td>GER<\/td>\n<td>2<\/td>\n<td>1<\/td>\n<td>2<\/td>\n<td>2.5<\/td>\n<td>9.5<\/td>\n<td>3.25<\/td>\n<\/tr>\n<tr bgcolor=\"#FFFFFF\">\n<td>8<\/td>\n<td>Menrad,Andreas<\/td>\n<td><\/td>\n<td>1946<\/td>\n<td><\/td>\n<td>MTV\u00a0Ingolstadt<\/td>\n<td>GER<\/td>\n<td>2<\/td>\n<td>1<\/td>\n<td>2<\/td>\n<td>2.5<\/td>\n<td>9.5<\/td>\n<td>2.50<\/td>\n<\/tr>\n<tr bgcolor=\"#FFFFFF\">\n<td>9<\/td>\n<td>Eichschmied,Patrick<\/td>\n<td><\/td>\n<td>1883<\/td>\n<td><\/td>\n<td>MTV\u00a0Ingolstadt<\/td>\n<td>GER<\/td>\n<td>2<\/td>\n<td>0<\/td>\n<td>3<\/td>\n<td>2.0<\/td>\n<td>13.0<\/td>\n<td>3.50<\/td>\n<\/tr>\n<tr bgcolor=\"#FFFFFF\">\n<td>10<\/td>\n<td>Pohle,Markus<\/td>\n<td><\/td>\n<td>1565<\/td>\n<td><\/td>\n<td>MTV\u00a0Ingolstadt<\/td>\n<td>GER<\/td>\n<td>1<\/td>\n<td>1<\/td>\n<td>3<\/td>\n<td>1.5<\/td>\n<td>11.5<\/td>\n<td>2.75<\/td>\n<\/tr>\n<tr bgcolor=\"#FFFFFF\">\n<td>11<\/td>\n<td>Schmidt,Lucas<\/td>\n<td><\/td>\n<td>833<\/td>\n<td>*<\/td>\n<td>MTV\u00a0Ingolstadt<\/td>\n<td>&#8211;<\/td>\n<td>1<\/td>\n<td>0<\/td>\n<td>1<\/td>\n<td>1.0<\/td>\n<td>13.5<\/td>\n<td>2.00<\/td>\n<\/tr>\n<tr bgcolor=\"#FFFFFF\">\n<td>12<\/td>\n<td>Weber,Lukas<\/td>\n<td><\/td>\n<td>1782<\/td>\n<td><\/td>\n<td>MTV\u00a0Ingolstadt<\/td>\n<td>GER<\/td>\n<td>1<\/td>\n<td>0<\/td>\n<td>4<\/td>\n<td>1.0<\/td>\n<td>11.5<\/td>\n<td>2.50<\/td>\n<\/tr>\n<tr bgcolor=\"#FFFFFF\">\n<td>13<\/td>\n<td>Navarro\u00a0Jahnke,Eric<\/td>\n<td><\/td>\n<td>1517<\/td>\n<td><\/td>\n<td>MTV\u00a0Ingolstadt<\/td>\n<td>GER<\/td>\n<td>1<\/td>\n<td>0<\/td>\n<td>4<\/td>\n<td>1.0<\/td>\n<td>11.5<\/td>\n<td>1.00<\/td>\n<\/tr>\n<\/tbody>\n<\/table>\n","protected":false},"excerpt":{"rendered":"<p>Karl Meyer hatte die Schachabteilung ca. 30 Jahre lang geleitet (ca. 1980 bis 2009). Er war lange die Zeit die Seele der Schachabteilung und hat unerm\u00fcdlich die Wettk\u00e4mpfe organisiert, sich als Trainer um die Jugend gek\u00fcmmert und wir die Interessen des Schachs auf Verein, Kreis und Bezirksebene f\u00fcr unsere Interessen gek\u00e4mpft. Am 10. Januar 2023 [&hellip;]<\/p>\n","protected":false},"author":12,"featured_media":0,"comment_status":"closed","ping_status":"closed","sticky":false,"template":"","format":"standard","meta":{"footnotes":""},"categories":[1],"tags":[],"class_list":["post-9881","post","type-post","status-publish","format-standard","hentry","category-allgemein"],"_links":{"self":[{"href":"https:\/\/www.mtv-in.de\/schach\/wp-json\/wp\/v2\/posts\/9881","targetHints":{"allow":["GET"]}}],"collection":[{"href":"https:\/\/www.mtv-in.de\/schach\/wp-json\/wp\/v2\/posts"}],"about":[{"href":"https:\/\/www.mtv-in.de\/schach\/wp-json\/wp\/v2\/types\/post"}],"author":[{"embeddable":true,"href":"https:\/\/www.mtv-in.de\/schach\/wp-json\/wp\/v2\/users\/12"}],"replies":[{"embeddable":true,"href":"https:\/\/www.mtv-in.de\/schach\/wp-json\/wp\/v2\/comments?post=9881"}],"version-history":[{"count":3,"href":"https:\/\/www.mtv-in.de\/schach\/wp-json\/wp\/v2\/posts\/9881\/revisions"}],"predecessor-version":[{"id":9886,"href":"https:\/\/www.mtv-in.de\/schach\/wp-json\/wp\/v2\/posts\/9881\/revisions\/9886"}],"wp:attachment":[{"href":"https:\/\/www.mtv-in.de\/schach\/wp-json\/wp\/v2\/media?parent=9881"}],"wp:term":[{"taxonomy":"category","embeddable":true,"href":"https:\/\/www.mtv-in.de\/schach\/wp-json\/wp\/v2\/categories?post=9881"},{"taxonomy":"post_tag","embeddable":true,"href":"https:\/\/www.mtv-in.de\/schach\/wp-json\/wp\/v2\/tags?post=9881"}],"curies":[{"name":"wp","href":"https:\/\/api.w.org\/{rel}","templated":true}]}}