{"id":9952,"date":"2023-05-07T19:36:54","date_gmt":"2023-05-07T17:36:54","guid":{"rendered":"https:\/\/www.mtv-in.de\/schach\/?p=9952"},"modified":"2023-05-07T21:04:34","modified_gmt":"2023-05-07T19:04:34","slug":"leo-navarro-jahnke-ist-der-beste-ingolstaedter-bei-der-stadtmeisterschaft","status":"publish","type":"post","link":"https:\/\/www.mtv-in.de\/schach\/2023\/05\/leo-navarro-jahnke-ist-der-beste-ingolstaedter-bei-der-stadtmeisterschaft\/","title":{"rendered":"Leo Navarro Jahnke ist der beste Ingolst\u00e4dter bei der Stadtmeisterschaft"},"content":{"rendered":"\n<p>Am 07.05.2023 fand im Manchinger Hof die Offene Ingolst\u00e4dter Stadtmeisterschaft 2023 statt. Nach der Corona Pandemie wurde diese Turnierreihe als Schnellschachreihe fortgesetzt. Dies tat der Begeisterung jedoch keinerlei Abbruch. 64 Teilnehmer hatten sich zum Wettkampf eingefunden. Darunter 2 Gro\u00dfmeister (Erik van der Doel und Andrey Sumets), ein Internationaler Meister und ein FIDE Meister und viele Spieler mit einer DWZ \u00fcber 2000. Auf der anderen Seite waren aber auch viele j\u00fcngere Spieler aus den Altersklassen U12, U14 und U16 dabei. Der MTV Ingolstadt war mit 7 Spielern vertreten. Das Turnier wurde dieses Mal von den beiden Gro\u00dfmeistern dominiert, welche den 1. und 2. Platz belegten. Leonardo Costa vom Schachklub M\u00fcnchen S\u00fcdost belegte Platz 3.<\/p>\n\n\n\n<p>Der beste Ingolst\u00e4dter Teilnehmer war Leo Navarro Jahnke auf Platz 14.<\/p>\n\n\n\n<figure class=\"wp-block-image size-large is-resized\"><a href=\"https:\/\/www.mtv-in.de\/schach\/files\/2023\/05\/Leo_Navarro_bei_Ingolstaedter_Stadtmeisterschaft-scaled.jpg\"><img loading=\"lazy\" decoding=\"async\" src=\"https:\/\/www.mtv-in.de\/schach\/files\/2023\/05\/Leo_Navarro_bei_Ingolstaedter_Stadtmeisterschaft-1024x675.jpg\" alt=\"\" class=\"wp-image-9954\" width=\"441\" height=\"290\" srcset=\"https:\/\/www.mtv-in.de\/schach\/files\/2023\/05\/Leo_Navarro_bei_Ingolstaedter_Stadtmeisterschaft-1024x675.jpg 1024w, https:\/\/www.mtv-in.de\/schach\/files\/2023\/05\/Leo_Navarro_bei_Ingolstaedter_Stadtmeisterschaft-300x198.jpg 300w, https:\/\/www.mtv-in.de\/schach\/files\/2023\/05\/Leo_Navarro_bei_Ingolstaedter_Stadtmeisterschaft-768x506.jpg 768w, https:\/\/www.mtv-in.de\/schach\/files\/2023\/05\/Leo_Navarro_bei_Ingolstaedter_Stadtmeisterschaft-1536x1013.jpg 1536w, https:\/\/www.mtv-in.de\/schach\/files\/2023\/05\/Leo_Navarro_bei_Ingolstaedter_Stadtmeisterschaft-2048x1350.jpg 2048w\" sizes=\"auto, (max-width: 441px) 100vw, 441px\" \/><\/a><figcaption class=\"wp-element-caption\">Leo Navarro Jahnke (links im Bild)<\/figcaption><\/figure>\n\n\n\n<p>In Runde 1 bekam es Leo gleich mit dem deutschen Meister Leonardo Costa zu tun und verlor. Aber Leo k\u00e4mpfte sich in das Turnier zur\u00fcck und gewann u.a. in Runde 4 gegen Petro Lohvinov (DWZ 2158). Am Ende erreichte Leo den Platz 14 und wurde zum Besten U14 Spieler im Turnier gek\u00fcrt.<\/p>\n\n\n\n<p>Die weiteren MTV Spieler Daniel Navarro Gevers, Patrick Eichschmied, Pablo Graf de Miguel, Eric Navarro Jahnke, Michael Euringer und Peter Boos belegten folgende Pl\u00e4tze.<\/p>\n\n\n\n<figure class=\"wp-block-table\"><table><tbody><tr><td><strong>Rang<\/strong><\/td><td><strong>Teilnehmer<\/strong><\/td><td><strong>DWZ<\/strong><\/td><td><strong>Verein\/Ort<\/strong><\/td><td><strong>G<\/strong><\/td><td><strong>S<\/strong><\/td><td><strong>R<\/strong><\/td><td><strong>V<\/strong><\/td><td><strong>Punk<\/strong><\/td><\/tr><tr><td>1<\/td><td>van der Doel, Erik (GM)<\/td><td><\/td><td><\/td><td>7<\/td><td>6<\/td><td>1<\/td><td>0<\/td><td>6.5<\/td><\/tr><tr><td>2<\/td><td>Sumets, Andrey (GM)<\/td><td><\/td><td><\/td><td>7<\/td><td>5<\/td><td>2<\/td><td>0<\/td><td>6.0<\/td><\/tr><tr><td>3<\/td><td>Costa,Leonardo<\/td><td>2358<\/td><td>Schachklub M\u00fcnchen S<\/td><td>7<\/td><td>6<\/td><td>0<\/td><td>1<\/td><td>6.0<\/td><\/tr><tr><td>4<\/td><td>Rosner,Jonas<\/td><td>2404<\/td><td>SK 1926 Ettlingen<\/td><td>7<\/td><td>5<\/td><td>1<\/td><td>1<\/td><td>5.5<\/td><\/tr><tr><td><strong>14<\/strong><\/td><td><strong>Navarro Jahnke,Leo<\/strong><\/td><td>1983<\/td><td>MTV Ingolstadt<\/td><td>7<\/td><td>4<\/td><td>1<\/td><td>2<\/td><td>4.5<\/td><\/tr><tr><td>19<\/td><td>Navarro Gevers,Daniel<\/td><td>1833<\/td><td>MTV Ingolstadt<\/td><td>7<\/td><td>3<\/td><td>2<\/td><td>2<\/td><td>4.0<\/td><\/tr><tr><td>20<\/td><td>Eichschmied,Patrick<\/td><td>1969<\/td><td>MTV Ingolstadt<\/td><td>7<\/td><td>4<\/td><td>0<\/td><td>3<\/td><td>4.0<\/td><\/tr><tr><td>29<\/td><td>Graf de Miguel,Pablo<\/td><td>1224<\/td><td>MTV Ingolstadt<\/td><td>7<\/td><td>4<\/td><td>0<\/td><td>3<\/td><td>4.0<\/td><\/tr><tr><td>47<\/td><td>Navarro Jahnke,Eric<\/td><td>1612<\/td><td>MTV Ingolstadt<\/td><td>7<\/td><td>2<\/td><td>1<\/td><td>4<\/td><td>2.5<\/td><\/tr><tr><td>54<\/td><td>Euringer,Michael Peter<\/td><td>996<\/td><td>MTV Ingolstadt<\/td><td>7<\/td><td>2<\/td><td>0<\/td><td>5<\/td><td>2.0<\/td><\/tr><tr><td>56<\/td><td>Boos,Peter<\/td><td><\/td><td>MTV Ingolstadt<\/td><td>7<\/td><td>2<\/td><td>0<\/td><td>5<\/td><td>2.0<\/td><\/tr><\/tbody><\/table><\/figure>\n\n\n\n<figure class=\"wp-block-image size-large is-resized\"><a href=\"https:\/\/www.mtv-in.de\/schach\/files\/2023\/05\/Patrick_Eichschmied_an_Brett6-scaled.jpg\"><img loading=\"lazy\" decoding=\"async\" src=\"https:\/\/www.mtv-in.de\/schach\/files\/2023\/05\/Patrick_Eichschmied_an_Brett6-1024x768.jpg\" alt=\"\" class=\"wp-image-9953\" width=\"424\" height=\"319\" srcset=\"https:\/\/www.mtv-in.de\/schach\/files\/2023\/05\/Patrick_Eichschmied_an_Brett6-1024x768.jpg 1024w, https:\/\/www.mtv-in.de\/schach\/files\/2023\/05\/Patrick_Eichschmied_an_Brett6-300x225.jpg 300w, https:\/\/www.mtv-in.de\/schach\/files\/2023\/05\/Patrick_Eichschmied_an_Brett6-768x576.jpg 768w, https:\/\/www.mtv-in.de\/schach\/files\/2023\/05\/Patrick_Eichschmied_an_Brett6-1536x1153.jpg 1536w, https:\/\/www.mtv-in.de\/schach\/files\/2023\/05\/Patrick_Eichschmied_an_Brett6-2048x1537.jpg 2048w\" sizes=\"auto, (max-width: 424px) 100vw, 424px\" \/><\/a><figcaption class=\"wp-element-caption\">Patrick Eichschmied (links)<\/figcaption><\/figure>\n\n\n\n<p>Patrick hatte seine H\u00f6hen und Tiefen im Turnier. Es gelang ihm nicht, sich in die Spitze festzusetzen. Am Ende ist es ein respektabler Platz 20. <\/p>\n\n\n\n<figure class=\"wp-block-image size-large is-resized\"><a href=\"https:\/\/www.mtv-in.de\/schach\/files\/2023\/05\/MTV_Duell_Eric_gegen_Pablo-scaled.jpg\"><img loading=\"lazy\" decoding=\"async\" src=\"https:\/\/www.mtv-in.de\/schach\/files\/2023\/05\/MTV_Duell_Eric_gegen_Pablo-1024x768.jpg\" alt=\"\" class=\"wp-image-9955\" width=\"420\" height=\"315\" srcset=\"https:\/\/www.mtv-in.de\/schach\/files\/2023\/05\/MTV_Duell_Eric_gegen_Pablo-1024x768.jpg 1024w, https:\/\/www.mtv-in.de\/schach\/files\/2023\/05\/MTV_Duell_Eric_gegen_Pablo-300x225.jpg 300w, https:\/\/www.mtv-in.de\/schach\/files\/2023\/05\/MTV_Duell_Eric_gegen_Pablo-768x576.jpg 768w, https:\/\/www.mtv-in.de\/schach\/files\/2023\/05\/MTV_Duell_Eric_gegen_Pablo-1536x1152.jpg 1536w, https:\/\/www.mtv-in.de\/schach\/files\/2023\/05\/MTV_Duell_Eric_gegen_Pablo-2048x1536.jpg 2048w\" sizes=\"auto, (max-width: 420px) 100vw, 420px\" \/><\/a><figcaption class=\"wp-element-caption\">Vereinsinternes Duell Eric gegen Pablo<\/figcaption><\/figure>\n\n\n\n<p>Pablo hat ein tolles Turnier gespielt. Mit 4 aus 7 Punkten belegt er Platz 29 und hat dabei noch viele wesentlich st\u00e4rkere Spieler hinter sich gelassen. U.a. hat Pablo hat Wolfgang Foehr (DWZ: 1610) und seinen Vereinskameraden Eric (DWZ: 1448) besiegt.<\/p>\n\n\n\n<figure class=\"wp-block-image size-large is-resized\"><a href=\"https:\/\/www.mtv-in.de\/schach\/files\/2023\/05\/Familienduell_Daniel_gegen_Eric-scaled.jpg\"><img loading=\"lazy\" decoding=\"async\" src=\"https:\/\/www.mtv-in.de\/schach\/files\/2023\/05\/Familienduell_Daniel_gegen_Eric-1024x768.jpg\" alt=\"\" class=\"wp-image-9957\" width=\"445\" height=\"334\" srcset=\"https:\/\/www.mtv-in.de\/schach\/files\/2023\/05\/Familienduell_Daniel_gegen_Eric-1024x768.jpg 1024w, https:\/\/www.mtv-in.de\/schach\/files\/2023\/05\/Familienduell_Daniel_gegen_Eric-300x225.jpg 300w, https:\/\/www.mtv-in.de\/schach\/files\/2023\/05\/Familienduell_Daniel_gegen_Eric-768x576.jpg 768w, https:\/\/www.mtv-in.de\/schach\/files\/2023\/05\/Familienduell_Daniel_gegen_Eric-1536x1152.jpg 1536w, https:\/\/www.mtv-in.de\/schach\/files\/2023\/05\/Familienduell_Daniel_gegen_Eric-2048x1536.jpg 2048w\" sizes=\"auto, (max-width: 445px) 100vw, 445px\" \/><\/a><figcaption class=\"wp-element-caption\">Familieninternes Duell Daniel gegen Eric<\/figcaption><\/figure>\n\n\n\n<figure class=\"wp-block-image size-large is-resized\"><a href=\"https:\/\/www.mtv-in.de\/schach\/files\/2023\/05\/Michel_Euringer_bei_Stadtmeisterschaft-scaled.jpg\"><img loading=\"lazy\" decoding=\"async\" src=\"https:\/\/www.mtv-in.de\/schach\/files\/2023\/05\/Michel_Euringer_bei_Stadtmeisterschaft-1024x768.jpg\" alt=\"\" class=\"wp-image-9959\" width=\"434\" height=\"326\" srcset=\"https:\/\/www.mtv-in.de\/schach\/files\/2023\/05\/Michel_Euringer_bei_Stadtmeisterschaft-1024x768.jpg 1024w, https:\/\/www.mtv-in.de\/schach\/files\/2023\/05\/Michel_Euringer_bei_Stadtmeisterschaft-300x225.jpg 300w, https:\/\/www.mtv-in.de\/schach\/files\/2023\/05\/Michel_Euringer_bei_Stadtmeisterschaft-768x576.jpg 768w, https:\/\/www.mtv-in.de\/schach\/files\/2023\/05\/Michel_Euringer_bei_Stadtmeisterschaft-1536x1152.jpg 1536w, https:\/\/www.mtv-in.de\/schach\/files\/2023\/05\/Michel_Euringer_bei_Stadtmeisterschaft-2048x1536.jpg 2048w\" sizes=\"auto, (max-width: 434px) 100vw, 434px\" \/><\/a><figcaption class=\"wp-element-caption\">Michael Euringer (rechts) im Kampf gegen Julio Pareja Sanchez (SK Neuburg)<\/figcaption><\/figure>\n\n\n\n<p>Michael war mit seinem Ergebnis (2 aus 7) nicht so ganz zufrieden. Aus seiner Sicht w\u00e4ren mehr Punkte dringewesen. Peter Boos hat sein erstes gr\u00f6\u00dferes Turnier f\u00fcr den MTV Ingolstadt gespielt und ebenfalls 2 aus 7 Punkten geholt. <\/p>\n\n\n\n<p>Im Rahmenprogramm des Schachturniers stand diesmal ein Theaterst\u00fcck des Katharinen Gymansiums. Das friedliche Land der wei\u00dfen Bewohner wird von der Armee des schwarzen K\u00f6nigs \u00fcberraschend angegriffen. Der K\u00f6nig des wei\u00dfen Landes hat aber \u00fcberhaupt keine Lust auf Krieg und sucht unter allen Umst\u00e4nden nach einer Alternativl\u00f6sung&#8230;. Wie das St\u00fcck ausgeht, wird hier nicht verraten.<\/p>\n\n\n\n<figure class=\"wp-block-image size-large is-resized\"><a href=\"https:\/\/www.mtv-in.de\/schach\/files\/2023\/05\/Theaterstueck_Katherl-scaled.jpg\"><img loading=\"lazy\" decoding=\"async\" src=\"https:\/\/www.mtv-in.de\/schach\/files\/2023\/05\/Theaterstueck_Katherl-1024x551.jpg\" alt=\"\" class=\"wp-image-9960\" width=\"586\" height=\"314\" srcset=\"https:\/\/www.mtv-in.de\/schach\/files\/2023\/05\/Theaterstueck_Katherl-1024x551.jpg 1024w, https:\/\/www.mtv-in.de\/schach\/files\/2023\/05\/Theaterstueck_Katherl-300x161.jpg 300w, https:\/\/www.mtv-in.de\/schach\/files\/2023\/05\/Theaterstueck_Katherl-768x413.jpg 768w, https:\/\/www.mtv-in.de\/schach\/files\/2023\/05\/Theaterstueck_Katherl-1536x826.jpg 1536w, https:\/\/www.mtv-in.de\/schach\/files\/2023\/05\/Theaterstueck_Katherl-2048x1101.jpg 2048w\" sizes=\"auto, (max-width: 586px) 100vw, 586px\" \/><\/a><figcaption class=\"wp-element-caption\">Theaterst\u00fcck &#8222;Der bessere Zug&#8220; vom Katharinen Gymansium<\/figcaption><\/figure>\n","protected":false},"excerpt":{"rendered":"<p>Am 07.05.2023 fand im Manchinger Hof die Offene Ingolst\u00e4dter Stadtmeisterschaft 2023 statt. Nach der Corona Pandemie wurde diese Turnierreihe als Schnellschachreihe fortgesetzt. Dies tat der Begeisterung jedoch keinerlei Abbruch. 64 Teilnehmer hatten sich zum Wettkampf eingefunden. Darunter 2 Gro\u00dfmeister (Erik van der Doel und Andrey Sumets), ein Internationaler Meister und ein FIDE Meister und viele [&hellip;]<\/p>\n","protected":false},"author":12,"featured_media":0,"comment_status":"closed","ping_status":"closed","sticky":false,"template":"","format":"standard","meta":{"footnotes":""},"categories":[1],"tags":[],"class_list":["post-9952","post","type-post","status-publish","format-standard","hentry","category-allgemein"],"_links":{"self":[{"href":"https:\/\/www.mtv-in.de\/schach\/wp-json\/wp\/v2\/posts\/9952","targetHints":{"allow":["GET"]}}],"collection":[{"href":"https:\/\/www.mtv-in.de\/schach\/wp-json\/wp\/v2\/posts"}],"about":[{"href":"https:\/\/www.mtv-in.de\/schach\/wp-json\/wp\/v2\/types\/post"}],"author":[{"embeddable":true,"href":"https:\/\/www.mtv-in.de\/schach\/wp-json\/wp\/v2\/users\/12"}],"replies":[{"embeddable":true,"href":"https:\/\/www.mtv-in.de\/schach\/wp-json\/wp\/v2\/comments?post=9952"}],"version-history":[{"count":2,"href":"https:\/\/www.mtv-in.de\/schach\/wp-json\/wp\/v2\/posts\/9952\/revisions"}],"predecessor-version":[{"id":9961,"href":"https:\/\/www.mtv-in.de\/schach\/wp-json\/wp\/v2\/posts\/9952\/revisions\/9961"}],"wp:attachment":[{"href":"https:\/\/www.mtv-in.de\/schach\/wp-json\/wp\/v2\/media?parent=9952"}],"wp:term":[{"taxonomy":"category","embeddable":true,"href":"https:\/\/www.mtv-in.de\/schach\/wp-json\/wp\/v2\/categories?post=9952"},{"taxonomy":"post_tag","embeddable":true,"href":"https:\/\/www.mtv-in.de\/schach\/wp-json\/wp\/v2\/tags?post=9952"}],"curies":[{"name":"wp","href":"https:\/\/api.w.org\/{rel}","templated":true}]}}