{"id":176,"date":"2022-09-26T18:01:10","date_gmt":"2022-09-26T16:01:10","guid":{"rendered":"https:\/\/www.mtv-in.de\/schanzervolksbuehne\/?p=176"},"modified":"2022-09-26T18:01:10","modified_gmt":"2022-09-26T16:01:10","slug":"es-geht-los","status":"publish","type":"post","link":"https:\/\/www.mtv-in.de\/schanzervolksbuehne\/2022\/09\/es-geht-los\/","title":{"rendered":"Es geht los!"},"content":{"rendered":"<p>Der Text sitzt, die B\u00fchne ist neu aufgebaut und in wenigen Tagen geht es los.<\/p>\n<p>Wir freuen uns riesig, endlich wieder spielen zu d\u00fcrfen!<\/p>\n<p>Neu ist diesmal, dass wir mit zwei St\u00fccken auftreten werden. Im &#8222;Kabarett&#8220; werden die T\u00fccken der Platzwahl in einer Kleinkunstb\u00fchne aufgezeigt, im &#8222;Mord in der Rehaklinik&#8220; gilt es einen M\u00f6rder oder eine M\u00f6rderin zu finden. Hier darf sich das Publikum aktiv an der Aufkl\u00e4rung des Falles beteiligen.<\/p>\n<p>Tickets hierzu gibt es ab Samstag, den 10. September 2022 im Westpark, in der Tourist Information Ingolstadt oder unter folgendem Link:<\/p>\n<p><a href=\"https:\/\/www.ticket-regional.de\/events.php?mysearchEventtype=MTV%201881%20Ingolstadt%20e.V.\">Ticket Regional<\/a><\/p>\n<p><a href=\"https:\/\/www.mtv-in.de\/schanzervolksbuehne\/files\/2022\/09\/Flyer-2022-002.png\"><img loading=\"lazy\" decoding=\"async\" class=\"alignnone wp-image-177\" src=\"https:\/\/www.mtv-in.de\/schanzervolksbuehne\/files\/2022\/09\/Flyer-2022-002-300x209.png\" alt=\"\" width=\"517\" height=\"364\" \/><\/a><\/p>\n<p>Bis bald, in der MTV Gastst\u00e4tte, wenn es wieder hei\u00dft:<\/p>\n<p><span style=\"font-size: large;font-family: 'arial black', 'avant garde'\">Vorhang auf, f\u00fcr die Schanzer Volksb\u00fchne im MTV Ingolstadt<\/span><\/p>\n<p>&nbsp;<\/p>\n","protected":false},"excerpt":{"rendered":"<p>Der Text sitzt, die B\u00fchne ist neu aufgebaut und in wenigen Tagen geht es los. Wir freuen uns riesig, endlich wieder spielen zu d\u00fcrfen! Neu ist diesmal, dass wir mit zwei St\u00fccken auftreten werden. Im &#8222;Kabarett&#8220; werden die T\u00fccken der &hellip; <a href=\"https:\/\/www.mtv-in.de\/schanzervolksbuehne\/2022\/09\/es-geht-los\/\">Continue reading <span class=\"meta-nav\">&rarr;<\/span><\/a><\/p>\n","protected":false},"author":319,"featured_media":0,"comment_status":"closed","ping_status":"closed","sticky":false,"template":"","format":"standard","meta":{"footnotes":""},"categories":[1],"tags":[],"class_list":["post-176","post","type-post","status-publish","format-standard","hentry","category-allgemein"],"_links":{"self":[{"href":"https:\/\/www.mtv-in.de\/schanzervolksbuehne\/wp-json\/wp\/v2\/posts\/176","targetHints":{"allow":["GET"]}}],"collection":[{"href":"https:\/\/www.mtv-in.de\/schanzervolksbuehne\/wp-json\/wp\/v2\/posts"}],"about":[{"href":"https:\/\/www.mtv-in.de\/schanzervolksbuehne\/wp-json\/wp\/v2\/types\/post"}],"author":[{"embeddable":true,"href":"https:\/\/www.mtv-in.de\/schanzervolksbuehne\/wp-json\/wp\/v2\/users\/319"}],"replies":[{"embeddable":true,"href":"https:\/\/www.mtv-in.de\/schanzervolksbuehne\/wp-json\/wp\/v2\/comments?post=176"}],"version-history":[{"count":2,"href":"https:\/\/www.mtv-in.de\/schanzervolksbuehne\/wp-json\/wp\/v2\/posts\/176\/revisions"}],"predecessor-version":[{"id":179,"href":"https:\/\/www.mtv-in.de\/schanzervolksbuehne\/wp-json\/wp\/v2\/posts\/176\/revisions\/179"}],"wp:attachment":[{"href":"https:\/\/www.mtv-in.de\/schanzervolksbuehne\/wp-json\/wp\/v2\/media?parent=176"}],"wp:term":[{"taxonomy":"category","embeddable":true,"href":"https:\/\/www.mtv-in.de\/schanzervolksbuehne\/wp-json\/wp\/v2\/categories?post=176"},{"taxonomy":"post_tag","embeddable":true,"href":"https:\/\/www.mtv-in.de\/schanzervolksbuehne\/wp-json\/wp\/v2\/tags?post=176"}],"curies":[{"name":"wp","href":"https:\/\/api.w.org\/{rel}","templated":true}]}}