{"id":1528,"date":"2019-03-21T22:20:52","date_gmt":"2019-03-21T21:20:52","guid":{"rendered":"http:\/\/www.mtv-in.de\/ski\/?p=1528"},"modified":"2019-03-21T22:21:02","modified_gmt":"2019-03-21T21:21:02","slug":"regionsmeisterschaft-2019","status":"publish","type":"post","link":"https:\/\/www.mtv-in.de\/ski\/2019\/03\/regionsmeisterschaft-2019\/","title":{"rendered":"Regionsmeisterschaft 2019"},"content":{"rendered":"<h1><strong><span style=\"color: #000000\">Franz Schmid vom MTV gewinnt den Regionstitel<\/span><\/strong><\/h1>\n<p>Am Sonntag 10.03.2019 fand die 40. Regionsmeisterschaft der Region 10 am Pfaffenb\u00fchel 3 in Hochf\u00fcgen statt. Dieses Jahr wurde das Rennen vom FC Schweitenkirchen f\u00fcr den Landkreis Pfaffenhofen perfekt ausgerichtet.<\/p>\n<p>Trotz Sturmwarnung hatte das Wetter mit den Ski-Begeisgterten ein Einsehen. F\u00fcr die 100 gemeldeten Starter gab es Sonnenschein und der Wind hielt sich in Grenzen.<\/p>\n<p>Der MTV war mit einer kleinen, aber feinen und erfolgreichen Mannschaft am Start.<\/p>\n<p><strong>Marina Kracklauer<\/strong> belegte in der Zeit von 51,24s in der Klasse D22 den 2. Platz. In der Gesamtwertung Damen erreichte sie den 4. Rang. <strong>Franz Schmid<\/strong> fuhr mit der Zeit von 45,92s Tagesbestzeit und sicherte sich somit sowohl den Klassensieg in der Klasse H31 als auch den Regionsmeistertitel 2019. <strong>Thomas<\/strong> <strong>Koch<\/strong> erreichte in der Zeit von 49,32s in der Klasse H41 den 4. Platz (gesamt 11).<\/p>\n<p>Bei den Sch\u00fclern war nur Isabel Koch gemeldet, leider musste sie krankheitsbedingt kurzfristig absagen.<\/p>\n<p>&nbsp;<\/p>\n<p>&nbsp;<\/p>\n<h3>Related Images:<\/h3>","protected":false},"excerpt":{"rendered":"<p>Franz Schmid vom MTV gewinnt den Regionstitel Am Sonntag 10.03.2019 fand die 40. Regionsmeisterschaft der Region 10 am Pfaffenb\u00fchel 3 in Hochf\u00fcgen statt. Dieses Jahr wurde das Rennen vom FC Schweitenkirchen f\u00fcr den Landkreis Pfaffenhofen perfekt ausgerichtet. Trotz Sturmwarnung hatte &hellip; <a href=\"https:\/\/www.mtv-in.de\/ski\/2019\/03\/regionsmeisterschaft-2019\/\">Continue reading <span class=\"meta-nav\">&rarr;<\/span><\/a><\/p>\n","protected":false},"author":130,"featured_media":0,"comment_status":"closed","ping_status":"closed","sticky":false,"template":"","format":"standard","meta":{"ngg_post_thumbnail":0,"footnotes":""},"categories":[1],"tags":[],"class_list":["post-1528","post","type-post","status-publish","format-standard","hentry","category-allgemein"],"_links":{"self":[{"href":"https:\/\/www.mtv-in.de\/ski\/wp-json\/wp\/v2\/posts\/1528","targetHints":{"allow":["GET"]}}],"collection":[{"href":"https:\/\/www.mtv-in.de\/ski\/wp-json\/wp\/v2\/posts"}],"about":[{"href":"https:\/\/www.mtv-in.de\/ski\/wp-json\/wp\/v2\/types\/post"}],"author":[{"embeddable":true,"href":"https:\/\/www.mtv-in.de\/ski\/wp-json\/wp\/v2\/users\/130"}],"replies":[{"embeddable":true,"href":"https:\/\/www.mtv-in.de\/ski\/wp-json\/wp\/v2\/comments?post=1528"}],"version-history":[{"count":1,"href":"https:\/\/www.mtv-in.de\/ski\/wp-json\/wp\/v2\/posts\/1528\/revisions"}],"predecessor-version":[{"id":1529,"href":"https:\/\/www.mtv-in.de\/ski\/wp-json\/wp\/v2\/posts\/1528\/revisions\/1529"}],"wp:attachment":[{"href":"https:\/\/www.mtv-in.de\/ski\/wp-json\/wp\/v2\/media?parent=1528"}],"wp:term":[{"taxonomy":"category","embeddable":true,"href":"https:\/\/www.mtv-in.de\/ski\/wp-json\/wp\/v2\/categories?post=1528"},{"taxonomy":"post_tag","embeddable":true,"href":"https:\/\/www.mtv-in.de\/ski\/wp-json\/wp\/v2\/tags?post=1528"}],"curies":[{"name":"wp","href":"https:\/\/api.w.org\/{rel}","templated":true}]}}