{"id":156,"date":"2012-02-09T16:02:15","date_gmt":"2012-02-09T14:02:15","guid":{"rendered":"http:\/\/www.mtv-in.de\/ski\/?p=156"},"modified":"2012-03-13T22:15:28","modified_gmt":"2012-03-13T20:15:28","slug":"katharina-schaffer-und-lukas-ostermann-vereinsmeister-20112012","status":"publish","type":"post","link":"https:\/\/www.mtv-in.de\/ski\/2012\/02\/katharina-schaffer-und-lukas-ostermann-vereinsmeister-20112012\/","title":{"rendered":"Katharina Schaffer und Lukas Ostermann Vereinsmeister 2011\/2012"},"content":{"rendered":"<p>Am 14 Januar 2012 war es wieder soweit!<\/p>\n<p>Wie auch schon in den letzten Jahren, richtete die MTV Skiabteilung Ihre Vereinsmeisterschaft zusammen mit dem TSV Nord in K\u00f6ssen aus.<\/p>\n<p>Dank der guten Organisation von Traudl und Klaus, viel Schnee und guter Laune wurde es ein wundersch\u00f6ner Tag f\u00fcr Gro\u00df und Klein, Jung und Alt.<\/p>\n<p>Als kleine Impression habe ich Euch ein paar Bilder hochgeladen \ud83d\ude42<\/p>\n<p>Gru\u00df<\/p>\n<p>Andrea Leidl<\/p>\n<p>&nbsp;<\/p>\n\n\t\t<style type=\"text\/css\">\n\t\t\t#gallery-1 {\n\t\t\t\tmargin: auto;\n\t\t\t}\n\t\t\t#gallery-1 .gallery-item {\n\t\t\t\tfloat: left;\n\t\t\t\tmargin-top: 10px;\n\t\t\t\ttext-align: center;\n\t\t\t\twidth: 33%;\n\t\t\t}\n\t\t\t#gallery-1 img {\n\t\t\t\tborder: 2px solid #cfcfcf;\n\t\t\t}\n\t\t\t#gallery-1 .gallery-caption {\n\t\t\t\tmargin-left: 0;\n\t\t\t}\n\t\t\t\/* see gallery_shortcode() in wp-includes\/media.php *\/\n\t\t<\/style>\n\t\t<div id='gallery-1' class='gallery galleryid-156 gallery-columns-3 gallery-size-thumbnail'><dl class='gallery-item'>\n\t\t\t<dt class='gallery-icon landscape'>\n\t\t\t\t<a href='https:\/\/www.mtv-in.de\/ski\/2012\/02\/katharina-schaffer-und-lukas-ostermann-vereinsmeister-20112012\/p1050148-2\/'><img loading=\"lazy\" decoding=\"async\" width=\"150\" height=\"150\" src=\"https:\/\/www.mtv-in.de\/ski\/files\/2012\/02\/P10501481-150x150.jpg\" class=\"attachment-thumbnail size-thumbnail\" alt=\"\" \/><\/a>\n\t\t\t<\/dt><\/dl><dl class='gallery-item'>\n\t\t\t<dt class='gallery-icon portrait'>\n\t\t\t\t<a href='https:\/\/www.mtv-in.de\/ski\/2012\/02\/katharina-schaffer-und-lukas-ostermann-vereinsmeister-20112012\/p1040990-2\/'><img loading=\"lazy\" decoding=\"async\" width=\"150\" height=\"150\" src=\"https:\/\/www.mtv-in.de\/ski\/files\/2012\/02\/P10409901-150x150.jpg\" class=\"attachment-thumbnail size-thumbnail\" alt=\"\" \/><\/a>\n\t\t\t<\/dt><\/dl><dl class='gallery-item'>\n\t\t\t<dt class='gallery-icon portrait'>\n\t\t\t\t<a href='https:\/\/www.mtv-in.de\/ski\/2012\/02\/katharina-schaffer-und-lukas-ostermann-vereinsmeister-20112012\/p1040992-2\/'><img loading=\"lazy\" decoding=\"async\" width=\"150\" height=\"150\" src=\"https:\/\/www.mtv-in.de\/ski\/files\/2012\/02\/P10409921-150x150.jpg\" class=\"attachment-thumbnail size-thumbnail\" alt=\"\" \/><\/a>\n\t\t\t<\/dt><\/dl><br style=\"clear: both\" \/><dl class='gallery-item'>\n\t\t\t<dt class='gallery-icon portrait'>\n\t\t\t\t<a href='https:\/\/www.mtv-in.de\/ski\/2012\/02\/katharina-schaffer-und-lukas-ostermann-vereinsmeister-20112012\/p1040994-2\/'><img loading=\"lazy\" decoding=\"async\" width=\"150\" height=\"150\" src=\"https:\/\/www.mtv-in.de\/ski\/files\/2012\/02\/P10409941-150x150.jpg\" class=\"attachment-thumbnail size-thumbnail\" alt=\"\" \/><\/a>\n\t\t\t<\/dt><\/dl><dl class='gallery-item'>\n\t\t\t<dt class='gallery-icon landscape'>\n\t\t\t\t<a href='https:\/\/www.mtv-in.de\/ski\/2012\/02\/katharina-schaffer-und-lukas-ostermann-vereinsmeister-20112012\/p1040998-2\/'><img loading=\"lazy\" decoding=\"async\" width=\"150\" height=\"150\" src=\"https:\/\/www.mtv-in.de\/ski\/files\/2012\/02\/P10409981-150x150.jpg\" class=\"attachment-thumbnail size-thumbnail\" alt=\"\" \/><\/a>\n\t\t\t<\/dt><\/dl><dl class='gallery-item'>\n\t\t\t<dt class='gallery-icon landscape'>\n\t\t\t\t<a href='https:\/\/www.mtv-in.de\/ski\/2012\/02\/katharina-schaffer-und-lukas-ostermann-vereinsmeister-20112012\/p1050006-2\/'><img loading=\"lazy\" decoding=\"async\" width=\"150\" height=\"150\" src=\"https:\/\/www.mtv-in.de\/ski\/files\/2012\/02\/P10500061-150x150.jpg\" class=\"attachment-thumbnail size-thumbnail\" alt=\"\" \/><\/a>\n\t\t\t<\/dt><\/dl><br style=\"clear: both\" \/><dl class='gallery-item'>\n\t\t\t<dt class='gallery-icon landscape'>\n\t\t\t\t<a href='https:\/\/www.mtv-in.de\/ski\/2012\/02\/katharina-schaffer-und-lukas-ostermann-vereinsmeister-20112012\/p1050008-2\/'><img loading=\"lazy\" decoding=\"async\" width=\"150\" height=\"150\" src=\"https:\/\/www.mtv-in.de\/ski\/files\/2012\/02\/P10500081-150x150.jpg\" class=\"attachment-thumbnail size-thumbnail\" alt=\"\" \/><\/a>\n\t\t\t<\/dt><\/dl><dl class='gallery-item'>\n\t\t\t<dt class='gallery-icon landscape'>\n\t\t\t\t<a href='https:\/\/www.mtv-in.de\/ski\/2012\/02\/katharina-schaffer-und-lukas-ostermann-vereinsmeister-20112012\/p1050010-2\/'><img loading=\"lazy\" decoding=\"async\" width=\"150\" height=\"150\" src=\"https:\/\/www.mtv-in.de\/ski\/files\/2012\/02\/P10500101-150x150.jpg\" class=\"attachment-thumbnail size-thumbnail\" alt=\"\" \/><\/a>\n\t\t\t<\/dt><\/dl><dl class='gallery-item'>\n\t\t\t<dt class='gallery-icon landscape'>\n\t\t\t\t<a href='https:\/\/www.mtv-in.de\/ski\/2012\/02\/katharina-schaffer-und-lukas-ostermann-vereinsmeister-20112012\/p1050011-2\/'><img loading=\"lazy\" decoding=\"async\" width=\"150\" height=\"150\" src=\"https:\/\/www.mtv-in.de\/ski\/files\/2012\/02\/P10500111-150x150.jpg\" class=\"attachment-thumbnail size-thumbnail\" alt=\"\" \/><\/a>\n\t\t\t<\/dt><\/dl><br style=\"clear: both\" \/><dl class='gallery-item'>\n\t\t\t<dt class='gallery-icon landscape'>\n\t\t\t\t<a href='https:\/\/www.mtv-in.de\/ski\/2012\/02\/katharina-schaffer-und-lukas-ostermann-vereinsmeister-20112012\/p1050013-2\/'><img loading=\"lazy\" decoding=\"async\" width=\"150\" height=\"150\" src=\"https:\/\/www.mtv-in.de\/ski\/files\/2012\/02\/P10500131-150x150.jpg\" class=\"attachment-thumbnail size-thumbnail\" alt=\"\" \/><\/a>\n\t\t\t<\/dt><\/dl><dl class='gallery-item'>\n\t\t\t<dt class='gallery-icon landscape'>\n\t\t\t\t<a href='https:\/\/www.mtv-in.de\/ski\/2012\/02\/katharina-schaffer-und-lukas-ostermann-vereinsmeister-20112012\/p1050015-2\/'><img loading=\"lazy\" decoding=\"async\" width=\"150\" height=\"150\" src=\"https:\/\/www.mtv-in.de\/ski\/files\/2012\/02\/P10500151-150x150.jpg\" class=\"attachment-thumbnail size-thumbnail\" alt=\"\" \/><\/a>\n\t\t\t<\/dt><\/dl><dl class='gallery-item'>\n\t\t\t<dt class='gallery-icon landscape'>\n\t\t\t\t<a href='https:\/\/www.mtv-in.de\/ski\/2012\/02\/katharina-schaffer-und-lukas-ostermann-vereinsmeister-20112012\/p1050022-2\/'><img loading=\"lazy\" decoding=\"async\" width=\"150\" height=\"150\" src=\"https:\/\/www.mtv-in.de\/ski\/files\/2012\/02\/P10500221-150x150.jpg\" class=\"attachment-thumbnail size-thumbnail\" alt=\"\" \/><\/a>\n\t\t\t<\/dt><\/dl><br style=\"clear: both\" \/><dl class='gallery-item'>\n\t\t\t<dt class='gallery-icon portrait'>\n\t\t\t\t<a href='https:\/\/www.mtv-in.de\/ski\/2012\/02\/katharina-schaffer-und-lukas-ostermann-vereinsmeister-20112012\/p1050024-2\/'><img loading=\"lazy\" decoding=\"async\" width=\"150\" height=\"150\" src=\"https:\/\/www.mtv-in.de\/ski\/files\/2012\/02\/P10500241-150x150.jpg\" class=\"attachment-thumbnail size-thumbnail\" alt=\"\" \/><\/a>\n\t\t\t<\/dt><\/dl><dl class='gallery-item'>\n\t\t\t<dt class='gallery-icon landscape'>\n\t\t\t\t<a href='https:\/\/www.mtv-in.de\/ski\/2012\/02\/katharina-schaffer-und-lukas-ostermann-vereinsmeister-20112012\/p1050044-2\/'><img loading=\"lazy\" decoding=\"async\" width=\"150\" height=\"150\" src=\"https:\/\/www.mtv-in.de\/ski\/files\/2012\/02\/P10500441-150x150.jpg\" class=\"attachment-thumbnail size-thumbnail\" alt=\"\" \/><\/a>\n\t\t\t<\/dt><\/dl><dl class='gallery-item'>\n\t\t\t<dt class='gallery-icon landscape'>\n\t\t\t\t<a href='https:\/\/www.mtv-in.de\/ski\/2012\/02\/katharina-schaffer-und-lukas-ostermann-vereinsmeister-20112012\/p1050053-2\/'><img loading=\"lazy\" decoding=\"async\" width=\"150\" height=\"150\" src=\"https:\/\/www.mtv-in.de\/ski\/files\/2012\/02\/P10500531-150x150.jpg\" class=\"attachment-thumbnail size-thumbnail\" alt=\"\" \/><\/a>\n\t\t\t<\/dt><\/dl><br style=\"clear: both\" \/><dl class='gallery-item'>\n\t\t\t<dt class='gallery-icon landscape'>\n\t\t\t\t<a href='https:\/\/www.mtv-in.de\/ski\/2012\/02\/katharina-schaffer-und-lukas-ostermann-vereinsmeister-20112012\/p1050067-2\/'><img loading=\"lazy\" decoding=\"async\" width=\"150\" height=\"150\" src=\"https:\/\/www.mtv-in.de\/ski\/files\/2012\/02\/P10500671-150x150.jpg\" class=\"attachment-thumbnail size-thumbnail\" alt=\"\" \/><\/a>\n\t\t\t<\/dt><\/dl><dl class='gallery-item'>\n\t\t\t<dt class='gallery-icon landscape'>\n\t\t\t\t<a href='https:\/\/www.mtv-in.de\/ski\/2012\/02\/katharina-schaffer-und-lukas-ostermann-vereinsmeister-20112012\/p1050070-2\/'><img loading=\"lazy\" decoding=\"async\" width=\"150\" height=\"150\" src=\"https:\/\/www.mtv-in.de\/ski\/files\/2012\/02\/P10500701-150x150.jpg\" class=\"attachment-thumbnail size-thumbnail\" alt=\"\" \/><\/a>\n\t\t\t<\/dt><\/dl><dl class='gallery-item'>\n\t\t\t<dt class='gallery-icon landscape'>\n\t\t\t\t<a href='https:\/\/www.mtv-in.de\/ski\/2012\/02\/katharina-schaffer-und-lukas-ostermann-vereinsmeister-20112012\/p1050078-2\/'><img loading=\"lazy\" decoding=\"async\" width=\"150\" height=\"150\" src=\"https:\/\/www.mtv-in.de\/ski\/files\/2012\/02\/P10500781-150x150.jpg\" class=\"attachment-thumbnail size-thumbnail\" alt=\"\" \/><\/a>\n\t\t\t<\/dt><\/dl><br style=\"clear: both\" \/><dl class='gallery-item'>\n\t\t\t<dt class='gallery-icon landscape'>\n\t\t\t\t<a href='https:\/\/www.mtv-in.de\/ski\/2012\/02\/katharina-schaffer-und-lukas-ostermann-vereinsmeister-20112012\/p1050084-2\/'><img loading=\"lazy\" decoding=\"async\" width=\"150\" height=\"150\" src=\"https:\/\/www.mtv-in.de\/ski\/files\/2012\/02\/P10500841-150x150.jpg\" class=\"attachment-thumbnail size-thumbnail\" alt=\"\" \/><\/a>\n\t\t\t<\/dt><\/dl><dl class='gallery-item'>\n\t\t\t<dt class='gallery-icon landscape'>\n\t\t\t\t<a href='https:\/\/www.mtv-in.de\/ski\/2012\/02\/katharina-schaffer-und-lukas-ostermann-vereinsmeister-20112012\/p1050086-2\/'><img loading=\"lazy\" decoding=\"async\" width=\"150\" height=\"150\" src=\"https:\/\/www.mtv-in.de\/ski\/files\/2012\/02\/P10500861-150x150.jpg\" class=\"attachment-thumbnail size-thumbnail\" alt=\"\" \/><\/a>\n\t\t\t<\/dt><\/dl><dl class='gallery-item'>\n\t\t\t<dt class='gallery-icon landscape'>\n\t\t\t\t<a href='https:\/\/www.mtv-in.de\/ski\/2012\/02\/katharina-schaffer-und-lukas-ostermann-vereinsmeister-20112012\/p1050089-2\/'><img loading=\"lazy\" decoding=\"async\" width=\"150\" height=\"150\" src=\"https:\/\/www.mtv-in.de\/ski\/files\/2012\/02\/P10500891-150x150.jpg\" class=\"attachment-thumbnail size-thumbnail\" alt=\"\" \/><\/a>\n\t\t\t<\/dt><\/dl><br style=\"clear: both\" \/><dl class='gallery-item'>\n\t\t\t<dt class='gallery-icon landscape'>\n\t\t\t\t<a href='https:\/\/www.mtv-in.de\/ski\/2012\/02\/katharina-schaffer-und-lukas-ostermann-vereinsmeister-20112012\/p1050092-2\/'><img loading=\"lazy\" decoding=\"async\" width=\"150\" height=\"150\" src=\"https:\/\/www.mtv-in.de\/ski\/files\/2012\/02\/P10500921-150x150.jpg\" class=\"attachment-thumbnail size-thumbnail\" alt=\"\" \/><\/a>\n\t\t\t<\/dt><\/dl><dl class='gallery-item'>\n\t\t\t<dt class='gallery-icon landscape'>\n\t\t\t\t<a href='https:\/\/www.mtv-in.de\/ski\/2012\/02\/katharina-schaffer-und-lukas-ostermann-vereinsmeister-20112012\/p1050097-2\/'><img loading=\"lazy\" decoding=\"async\" width=\"150\" height=\"150\" src=\"https:\/\/www.mtv-in.de\/ski\/files\/2012\/02\/P10500971-150x150.jpg\" class=\"attachment-thumbnail size-thumbnail\" alt=\"\" \/><\/a>\n\t\t\t<\/dt><\/dl><dl class='gallery-item'>\n\t\t\t<dt class='gallery-icon landscape'>\n\t\t\t\t<a href='https:\/\/www.mtv-in.de\/ski\/2012\/02\/katharina-schaffer-und-lukas-ostermann-vereinsmeister-20112012\/p1050099-2\/'><img loading=\"lazy\" decoding=\"async\" width=\"150\" height=\"150\" src=\"https:\/\/www.mtv-in.de\/ski\/files\/2012\/02\/P10500991-150x150.jpg\" class=\"attachment-thumbnail size-thumbnail\" alt=\"\" \/><\/a>\n\t\t\t<\/dt><\/dl><br style=\"clear: both\" \/><dl class='gallery-item'>\n\t\t\t<dt class='gallery-icon landscape'>\n\t\t\t\t<a href='https:\/\/www.mtv-in.de\/ski\/2012\/02\/katharina-schaffer-und-lukas-ostermann-vereinsmeister-20112012\/p1050102-2\/'><img loading=\"lazy\" decoding=\"async\" width=\"150\" height=\"150\" src=\"https:\/\/www.mtv-in.de\/ski\/files\/2012\/02\/P10501021-150x150.jpg\" class=\"attachment-thumbnail size-thumbnail\" alt=\"\" \/><\/a>\n\t\t\t<\/dt><\/dl><dl class='gallery-item'>\n\t\t\t<dt class='gallery-icon landscape'>\n\t\t\t\t<a href='https:\/\/www.mtv-in.de\/ski\/2012\/02\/katharina-schaffer-und-lukas-ostermann-vereinsmeister-20112012\/p1050111-2\/'><img loading=\"lazy\" decoding=\"async\" width=\"150\" height=\"150\" src=\"https:\/\/www.mtv-in.de\/ski\/files\/2012\/02\/P10501111-150x150.jpg\" class=\"attachment-thumbnail size-thumbnail\" alt=\"\" \/><\/a>\n\t\t\t<\/dt><\/dl><dl class='gallery-item'>\n\t\t\t<dt class='gallery-icon landscape'>\n\t\t\t\t<a href='https:\/\/www.mtv-in.de\/ski\/2012\/02\/katharina-schaffer-und-lukas-ostermann-vereinsmeister-20112012\/p1050115-2\/'><img loading=\"lazy\" decoding=\"async\" width=\"150\" height=\"150\" src=\"https:\/\/www.mtv-in.de\/ski\/files\/2012\/02\/P10501151-150x150.jpg\" class=\"attachment-thumbnail size-thumbnail\" alt=\"\" \/><\/a>\n\t\t\t<\/dt><\/dl><br style=\"clear: both\" \/><dl class='gallery-item'>\n\t\t\t<dt class='gallery-icon landscape'>\n\t\t\t\t<a href='https:\/\/www.mtv-in.de\/ski\/2012\/02\/katharina-schaffer-und-lukas-ostermann-vereinsmeister-20112012\/p1050117-2\/'><img loading=\"lazy\" decoding=\"async\" width=\"150\" height=\"150\" src=\"https:\/\/www.mtv-in.de\/ski\/files\/2012\/02\/P10501171-150x150.jpg\" class=\"attachment-thumbnail size-thumbnail\" alt=\"\" \/><\/a>\n\t\t\t<\/dt><\/dl><dl class='gallery-item'>\n\t\t\t<dt class='gallery-icon landscape'>\n\t\t\t\t<a href='https:\/\/www.mtv-in.de\/ski\/2012\/02\/katharina-schaffer-und-lukas-ostermann-vereinsmeister-20112012\/p1050120-2\/'><img loading=\"lazy\" decoding=\"async\" width=\"150\" height=\"150\" src=\"https:\/\/www.mtv-in.de\/ski\/files\/2012\/02\/P10501201-150x150.jpg\" class=\"attachment-thumbnail size-thumbnail\" alt=\"\" \/><\/a>\n\t\t\t<\/dt><\/dl><dl class='gallery-item'>\n\t\t\t<dt class='gallery-icon landscape'>\n\t\t\t\t<a href='https:\/\/www.mtv-in.de\/ski\/2012\/02\/katharina-schaffer-und-lukas-ostermann-vereinsmeister-20112012\/p1050125-2\/'><img loading=\"lazy\" decoding=\"async\" width=\"150\" height=\"150\" src=\"https:\/\/www.mtv-in.de\/ski\/files\/2012\/02\/P10501251-150x150.jpg\" class=\"attachment-thumbnail size-thumbnail\" alt=\"\" \/><\/a>\n\t\t\t<\/dt><\/dl><br style=\"clear: both\" \/><dl class='gallery-item'>\n\t\t\t<dt class='gallery-icon landscape'>\n\t\t\t\t<a href='https:\/\/www.mtv-in.de\/ski\/2012\/02\/katharina-schaffer-und-lukas-ostermann-vereinsmeister-20112012\/p1050128-2\/'><img loading=\"lazy\" decoding=\"async\" width=\"150\" height=\"150\" src=\"https:\/\/www.mtv-in.de\/ski\/files\/2012\/02\/P10501281-150x150.jpg\" class=\"attachment-thumbnail size-thumbnail\" alt=\"\" \/><\/a>\n\t\t\t<\/dt><\/dl><dl class='gallery-item'>\n\t\t\t<dt class='gallery-icon landscape'>\n\t\t\t\t<a href='https:\/\/www.mtv-in.de\/ski\/2012\/02\/katharina-schaffer-und-lukas-ostermann-vereinsmeister-20112012\/p1050130-3\/'><img loading=\"lazy\" decoding=\"async\" width=\"150\" height=\"150\" src=\"https:\/\/www.mtv-in.de\/ski\/files\/2012\/02\/P10501302-150x150.jpg\" class=\"attachment-thumbnail size-thumbnail\" alt=\"\" \/><\/a>\n\t\t\t<\/dt><\/dl><dl class='gallery-item'>\n\t\t\t<dt class='gallery-icon landscape'>\n\t\t\t\t<a href='https:\/\/www.mtv-in.de\/ski\/2012\/02\/katharina-schaffer-und-lukas-ostermann-vereinsmeister-20112012\/p1050135-2\/'><img loading=\"lazy\" decoding=\"async\" width=\"150\" height=\"150\" src=\"https:\/\/www.mtv-in.de\/ski\/files\/2012\/02\/P10501351-150x150.jpg\" class=\"attachment-thumbnail size-thumbnail\" alt=\"\" \/><\/a>\n\t\t\t<\/dt><\/dl><br style=\"clear: both\" \/><dl class='gallery-item'>\n\t\t\t<dt class='gallery-icon landscape'>\n\t\t\t\t<a href='https:\/\/www.mtv-in.de\/ski\/2012\/02\/katharina-schaffer-und-lukas-ostermann-vereinsmeister-20112012\/p1050141-2\/'><img loading=\"lazy\" decoding=\"async\" width=\"150\" height=\"150\" src=\"https:\/\/www.mtv-in.de\/ski\/files\/2012\/02\/P10501411-150x150.jpg\" class=\"attachment-thumbnail size-thumbnail\" alt=\"\" \/><\/a>\n\t\t\t<\/dt><\/dl><dl class='gallery-item'>\n\t\t\t<dt class='gallery-icon landscape'>\n\t\t\t\t<a href='https:\/\/www.mtv-in.de\/ski\/2012\/02\/katharina-schaffer-und-lukas-ostermann-vereinsmeister-20112012\/p1050146-2\/'><img loading=\"lazy\" decoding=\"async\" width=\"150\" height=\"150\" src=\"https:\/\/www.mtv-in.de\/ski\/files\/2012\/02\/P10501461-150x150.jpg\" class=\"attachment-thumbnail size-thumbnail\" alt=\"\" \/><\/a>\n\t\t\t<\/dt><\/dl>\n\t\t\t<br style='clear: both' \/>\n\t\t<\/div>\n\n<p>&nbsp;<\/p>\n<h3>Related Images:<\/h3>","protected":false},"excerpt":{"rendered":"<p>Am 14 Januar 2012 war es wieder soweit! Wie auch schon in den letzten Jahren, richtete die MTV Skiabteilung Ihre Vereinsmeisterschaft zusammen mit dem TSV Nord in K\u00f6ssen aus. Dank der guten Organisation von Traudl und Klaus, viel Schnee und &hellip; <a href=\"https:\/\/www.mtv-in.de\/ski\/2012\/02\/katharina-schaffer-und-lukas-ostermann-vereinsmeister-20112012\/\">Continue reading <span class=\"meta-nav\">&rarr;<\/span><\/a><\/p>\n","protected":false},"author":97,"featured_media":0,"comment_status":"open","ping_status":"open","sticky":false,"template":"","format":"standard","meta":{"ngg_post_thumbnail":0,"footnotes":""},"categories":[1],"tags":[],"class_list":["post-156","post","type-post","status-publish","format-standard","hentry","category-allgemein"],"_links":{"self":[{"href":"https:\/\/www.mtv-in.de\/ski\/wp-json\/wp\/v2\/posts\/156","targetHints":{"allow":["GET"]}}],"collection":[{"href":"https:\/\/www.mtv-in.de\/ski\/wp-json\/wp\/v2\/posts"}],"about":[{"href":"https:\/\/www.mtv-in.de\/ski\/wp-json\/wp\/v2\/types\/post"}],"author":[{"embeddable":true,"href":"https:\/\/www.mtv-in.de\/ski\/wp-json\/wp\/v2\/users\/97"}],"replies":[{"embeddable":true,"href":"https:\/\/www.mtv-in.de\/ski\/wp-json\/wp\/v2\/comments?post=156"}],"version-history":[{"count":1,"href":"https:\/\/www.mtv-in.de\/ski\/wp-json\/wp\/v2\/posts\/156\/revisions"}],"predecessor-version":[{"id":225,"href":"https:\/\/www.mtv-in.de\/ski\/wp-json\/wp\/v2\/posts\/156\/revisions\/225"}],"wp:attachment":[{"href":"https:\/\/www.mtv-in.de\/ski\/wp-json\/wp\/v2\/media?parent=156"}],"wp:term":[{"taxonomy":"category","embeddable":true,"href":"https:\/\/www.mtv-in.de\/ski\/wp-json\/wp\/v2\/categories?post=156"},{"taxonomy":"post_tag","embeddable":true,"href":"https:\/\/www.mtv-in.de\/ski\/wp-json\/wp\/v2\/tags?post=156"}],"curies":[{"name":"wp","href":"https:\/\/api.w.org\/{rel}","templated":true}]}}