{"id":2174,"date":"2020-12-15T17:40:22","date_gmt":"2020-12-15T16:40:22","guid":{"rendered":"http:\/\/www.mtv-in.de\/ski\/?p=2174"},"modified":"2020-12-16T12:22:38","modified_gmt":"2020-12-16T11:22:38","slug":"start-in-den-winter-202021-verzoegert-sich","status":"publish","type":"post","link":"https:\/\/www.mtv-in.de\/ski\/2020\/12\/start-in-den-winter-202021-verzoegert-sich\/","title":{"rendered":"Start in die Skisaison 2020\/21 verz\u00f6gert sich"},"content":{"rendered":"<p style=\"text-align: left\">Ein \u201eherzliches Dankesch\u00f6n\u201c an unsere Sponsoren (<em><strong>Herrnbr\u00e4u, Ski &amp; Radl Sebald, Elektro Bachner Mainburg<\/strong><\/em>), die uns bei der Anschaffung unserer neuen Skibekleidung sehr gro\u00dfz\u00fcgig unterst\u00fctzt haben. Das Outfit ist perfekt \u2013 jetzt warten wir nur noch bis wir endlich in die Wintersaison starten d\u00fcrfen.<a href=\"https:\/\/www.mtv-in.de\/ski\/files\/2020\/12\/Herrnbr\u00e4u-Logo.png\"><br \/>\n<\/a><\/p>\n<p style=\"text-align: left\"><a href=\"https:\/\/www.mtv-in.de\/ski\/files\/2020\/12\/Bachner-Logo.jpg\"><img loading=\"lazy\" decoding=\"async\" class=\"wp-image-2189 alignnone\" src=\"https:\/\/www.mtv-in.de\/ski\/files\/2020\/12\/Bachner-Logo.jpg\" alt=\"\" width=\"252\" height=\"147\" \/><\/a><a href=\"https:\/\/www.mtv-in.de\/ski\/files\/2020\/12\/Sebald-Logo.png\"><img loading=\"lazy\" decoding=\"async\" class=\"wp-image-2191 alignleft\" src=\"https:\/\/www.mtv-in.de\/ski\/files\/2020\/12\/Sebald-Logo.png\" alt=\"\" width=\"240\" height=\"154\" \/><\/a><a href=\"https:\/\/www.mtv-in.de\/ski\/files\/2020\/12\/Herrnbr\u00e4u-Logo.png\"><img loading=\"lazy\" decoding=\"async\" class=\"wp-image-2190 alignnone\" src=\"https:\/\/www.mtv-in.de\/ski\/files\/2020\/12\/Herrnbr\u00e4u-Logo.png\" alt=\"\" width=\"193\" height=\"157\" \/><\/a><\/p>\n<p style=\"text-align: left\">Die MTV Ski-Abteilung w\u00fcnscht allen Sponsoren und Mitgliedern ein frohes und friedliches Weihnachtsfest sowie einen guten Rutsch ins neue Jahr!<\/p>\n<p style=\"text-align: left\">Bleibt bitte alle gesund und dann sehen wir uns im neuen Jahr hoffentlich auch bald wieder auf der Piste. Wir halten euch hier auf jeden Fall auf dem Laufenden.<\/p>\n<p style=\"text-align: left\"><a href=\"https:\/\/www.mtv-in.de\/ski\/files\/2020\/12\/Collage.jpg\"><img loading=\"lazy\" decoding=\"async\" class=\"alignleft size-large wp-image-2187\" src=\"https:\/\/www.mtv-in.de\/ski\/files\/2020\/12\/Collage-1024x683.jpg\" alt=\"\" width=\"688\" height=\"459\" srcset=\"https:\/\/www.mtv-in.de\/ski\/files\/2020\/12\/Collage-1024x683.jpg 1024w, https:\/\/www.mtv-in.de\/ski\/files\/2020\/12\/Collage-300x200.jpg 300w, https:\/\/www.mtv-in.de\/ski\/files\/2020\/12\/Collage-768x512.jpg 768w\" sizes=\"auto, (max-width: 688px) 100vw, 688px\" \/><\/a><\/p>\n<h3>Related Images:<\/h3>","protected":false},"excerpt":{"rendered":"<p>Ein \u201eherzliches Dankesch\u00f6n\u201c an unsere Sponsoren (Herrnbr\u00e4u, Ski &amp; Radl Sebald, Elektro Bachner Mainburg), die uns bei der Anschaffung unserer neuen Skibekleidung sehr gro\u00dfz\u00fcgig unterst\u00fctzt haben. Das Outfit ist perfekt \u2013 jetzt warten wir nur noch bis wir endlich in &hellip; <a href=\"https:\/\/www.mtv-in.de\/ski\/2020\/12\/start-in-den-winter-202021-verzoegert-sich\/\">Continue reading <span class=\"meta-nav\">&rarr;<\/span><\/a><\/p>\n","protected":false},"author":130,"featured_media":0,"comment_status":"closed","ping_status":"closed","sticky":false,"template":"","format":"standard","meta":{"ngg_post_thumbnail":0,"footnotes":""},"categories":[1],"tags":[],"class_list":["post-2174","post","type-post","status-publish","format-standard","hentry","category-allgemein"],"_links":{"self":[{"href":"https:\/\/www.mtv-in.de\/ski\/wp-json\/wp\/v2\/posts\/2174","targetHints":{"allow":["GET"]}}],"collection":[{"href":"https:\/\/www.mtv-in.de\/ski\/wp-json\/wp\/v2\/posts"}],"about":[{"href":"https:\/\/www.mtv-in.de\/ski\/wp-json\/wp\/v2\/types\/post"}],"author":[{"embeddable":true,"href":"https:\/\/www.mtv-in.de\/ski\/wp-json\/wp\/v2\/users\/130"}],"replies":[{"embeddable":true,"href":"https:\/\/www.mtv-in.de\/ski\/wp-json\/wp\/v2\/comments?post=2174"}],"version-history":[{"count":19,"href":"https:\/\/www.mtv-in.de\/ski\/wp-json\/wp\/v2\/posts\/2174\/revisions"}],"predecessor-version":[{"id":2199,"href":"https:\/\/www.mtv-in.de\/ski\/wp-json\/wp\/v2\/posts\/2174\/revisions\/2199"}],"wp:attachment":[{"href":"https:\/\/www.mtv-in.de\/ski\/wp-json\/wp\/v2\/media?parent=2174"}],"wp:term":[{"taxonomy":"category","embeddable":true,"href":"https:\/\/www.mtv-in.de\/ski\/wp-json\/wp\/v2\/categories?post=2174"},{"taxonomy":"post_tag","embeddable":true,"href":"https:\/\/www.mtv-in.de\/ski\/wp-json\/wp\/v2\/tags?post=2174"}],"curies":[{"name":"wp","href":"https:\/\/api.w.org\/{rel}","templated":true}]}}