{"id":2212,"date":"2021-10-12T21:25:10","date_gmt":"2021-10-12T19:25:10","guid":{"rendered":"http:\/\/www.mtv-in.de\/ski\/?p=2212"},"modified":"2021-10-12T21:59:28","modified_gmt":"2021-10-12T19:59:28","slug":"termine-skisaison-202122","status":"publish","type":"post","link":"https:\/\/www.mtv-in.de\/ski\/2021\/10\/termine-skisaison-202122\/","title":{"rendered":"Termine Skisaison 2021\/22"},"content":{"rendered":"<p>Liebe Skisportfreunde,<\/p>\n<p>wir hoffen, dass wir diese Saison auf den Pisten wieder richtig angreifen k\u00f6nnen und haben daher unseren\u00a0<strong>Terminkalender f\u00fcr die Saison 2021\/22<\/strong>\u00a0festgelegt.<em><a href=\"https:\/\/www.mtv-in.de\/ski\/veranstaltungen-2\/\">[Klickt einfach hier, um den Kalender mit den Veranstaltungen zu \u00f6ffnen und genauere Infos zu erhalten.]\u00a0<\/a><\/em><img loading=\"lazy\" decoding=\"async\" class=\" wp-image-2213 alignright\" src=\"https:\/\/www.mtv-in.de\/ski\/files\/2021\/10\/IMG_7771-768x1024.jpg\" alt=\"\" width=\"247\" height=\"325\" \/><\/p>\n<p>Neben\u00a0<strong>Skikursen f\u00fcr Anf\u00e4nger, Fortgeschrittene und K\u00f6nner<\/strong>, bieten wir nat\u00fcrlich auch wieder ein professionelles<strong>\u00a0Renntraining f\u00fcr Gro\u00df und Klein<\/strong>\u00a0an, um uns fit zu machen f\u00fcr die kommenden regionalen und \u00fcberregionalen Meisterschaften.<\/p>\n<p><strong>Worauf wartet ihr also? Meldet euch an oder kontaktiert uns, falls ihr Fragen\/W\u00fcnsche\/Anregungen habt<\/strong>.<\/p>\n<p>Wir freuen uns auf euch,<\/p>\n<p>eure MTV-Skiabteilung \ud83d\ude42<\/p>\n<p><a href=\"https:\/\/www.mtv-in.de\/ski\/veranstaltungen-2\/skikurse-und-tagesfahrten__trashed\/bild-12-10-21-um-21-56\/\" rel=\"attachment wp-att-2228\"><img loading=\"lazy\" decoding=\"async\" class=\"alignleft  wp-image-2228\" src=\"https:\/\/www.mtv-in.de\/ski\/files\/2012\/03\/Bild-12.10.21-um-21.56-1024x581.jpg\" alt=\"\" width=\"602\" height=\"346\" \/><\/a><\/p>\n<p>&nbsp;<\/p>\n<h3>Related Images:<\/h3>","protected":false},"excerpt":{"rendered":"<p>Liebe Skisportfreunde, wir hoffen, dass wir diese Saison auf den Pisten wieder richtig angreifen k\u00f6nnen und haben daher unseren\u00a0Terminkalender f\u00fcr die Saison 2021\/22\u00a0festgelegt.[Klickt einfach hier, um den Kalender mit den Veranstaltungen zu \u00f6ffnen und genauere Infos zu erhalten.]\u00a0 Neben\u00a0Skikursen f\u00fcr &hellip; <a href=\"https:\/\/www.mtv-in.de\/ski\/2021\/10\/termine-skisaison-202122\/\">Continue reading <span class=\"meta-nav\">&rarr;<\/span><\/a><\/p>\n","protected":false},"author":130,"featured_media":2213,"comment_status":"closed","ping_status":"closed","sticky":false,"template":"","format":"standard","meta":{"ngg_post_thumbnail":0,"footnotes":""},"categories":[1],"tags":[],"class_list":["post-2212","post","type-post","status-publish","format-standard","has-post-thumbnail","hentry","category-allgemein"],"_links":{"self":[{"href":"https:\/\/www.mtv-in.de\/ski\/wp-json\/wp\/v2\/posts\/2212","targetHints":{"allow":["GET"]}}],"collection":[{"href":"https:\/\/www.mtv-in.de\/ski\/wp-json\/wp\/v2\/posts"}],"about":[{"href":"https:\/\/www.mtv-in.de\/ski\/wp-json\/wp\/v2\/types\/post"}],"author":[{"embeddable":true,"href":"https:\/\/www.mtv-in.de\/ski\/wp-json\/wp\/v2\/users\/130"}],"replies":[{"embeddable":true,"href":"https:\/\/www.mtv-in.de\/ski\/wp-json\/wp\/v2\/comments?post=2212"}],"version-history":[{"count":6,"href":"https:\/\/www.mtv-in.de\/ski\/wp-json\/wp\/v2\/posts\/2212\/revisions"}],"predecessor-version":[{"id":2230,"href":"https:\/\/www.mtv-in.de\/ski\/wp-json\/wp\/v2\/posts\/2212\/revisions\/2230"}],"wp:featuredmedia":[{"embeddable":true,"href":"https:\/\/www.mtv-in.de\/ski\/wp-json\/wp\/v2\/media\/2213"}],"wp:attachment":[{"href":"https:\/\/www.mtv-in.de\/ski\/wp-json\/wp\/v2\/media?parent=2212"}],"wp:term":[{"taxonomy":"category","embeddable":true,"href":"https:\/\/www.mtv-in.de\/ski\/wp-json\/wp\/v2\/categories?post=2212"},{"taxonomy":"post_tag","embeddable":true,"href":"https:\/\/www.mtv-in.de\/ski\/wp-json\/wp\/v2\/tags?post=2212"}],"curies":[{"name":"wp","href":"https:\/\/api.w.org\/{rel}","templated":true}]}}