{"id":2236,"date":"2022-01-11T16:48:24","date_gmt":"2022-01-11T15:48:24","guid":{"rendered":"http:\/\/www.mtv-in.de\/ski\/?p=2236"},"modified":"2022-01-11T16:48:24","modified_gmt":"2022-01-11T15:48:24","slug":"aktuelle-infos-zur-skisaison-202122","status":"publish","type":"post","link":"https:\/\/www.mtv-in.de\/ski\/2022\/01\/aktuelle-infos-zur-skisaison-202122\/","title":{"rendered":"Aktuelle Infos zur Skisaison 2021\/22"},"content":{"rendered":"<p><strong>Lieber Vereinsmitglieder*innen und Freunde des Bergsports,<\/strong><\/p>\n<p>leider stehen uns auch in diesem Winter pandemiebedingt wieder ungewisse Zeiten bevor. Wir von der Skiabteilung haben uns daher in den letzten Wochen intensiv Gedanken gemacht, ob und wie wir unser gewohntes Wintersportprogramm auf die Beine stellen k\u00f6nnen. Leider \u00e4ndern sich die Vorgaben der Regierungen in Deutschland und \u00d6sterreich (Einreise momentan nur f\u00fcr 3x Geimpfte oder mit PCR-Test) w\u00f6chentlich und machen uns eine langfristige Planung daher unm\u00f6glich. Zus\u00e4tzlich k\u00f6nnen und wollen wir es in der momentanen Situation nicht verantworten, ein unn\u00f6tiges Risiko f\u00fcr uns und unsere Mitglieder*innen einzugehen, indem wir Busfahrten anbieten und ohnehin schon \u00fcberf\u00fcllte Skigebiete im deutschen Alpenraum ansteuern.<\/p>\n<p>Aus diesem Grund k\u00f6nnen wir leider den zweiten Winter in Folge unser gewohntes Skiprogramm (Busfahrten, Skikurse etc.) nicht anbieten und hoffen eventuell &#8211; je nach Ver\u00e4nderung der Lage &#8211; zu einem sp\u00e4teren Zeitpunkt noch spontan einzelne Fahrten organisieren zu k\u00f6nnen.<\/p>\n<p>Wir halten euch auf jeden Fall hier auf dem Laufenden und danken euch allen f\u00fcr das Verst\u00e4ndnis, die Unterst\u00fctzung und Treue!<\/p>\n<p>Bleibt\u2019s gsund und hoffentlich bis bald,<\/p>\n<p>euer Team der MTV-Skiabteilung!<\/p>\n<h3>Related Images:<\/h3>","protected":false},"excerpt":{"rendered":"<p>Lieber Vereinsmitglieder*innen und Freunde des Bergsports, leider stehen uns auch in diesem Winter pandemiebedingt wieder ungewisse Zeiten bevor. Wir von der Skiabteilung haben uns daher in den letzten Wochen intensiv Gedanken gemacht, ob und wie wir unser gewohntes Wintersportprogramm auf &hellip; <a href=\"https:\/\/www.mtv-in.de\/ski\/2022\/01\/aktuelle-infos-zur-skisaison-202122\/\">Continue reading <span class=\"meta-nav\">&rarr;<\/span><\/a><\/p>\n","protected":false},"author":130,"featured_media":0,"comment_status":"closed","ping_status":"closed","sticky":false,"template":"","format":"standard","meta":{"ngg_post_thumbnail":0,"footnotes":""},"categories":[1],"tags":[],"class_list":["post-2236","post","type-post","status-publish","format-standard","hentry","category-allgemein"],"_links":{"self":[{"href":"https:\/\/www.mtv-in.de\/ski\/wp-json\/wp\/v2\/posts\/2236","targetHints":{"allow":["GET"]}}],"collection":[{"href":"https:\/\/www.mtv-in.de\/ski\/wp-json\/wp\/v2\/posts"}],"about":[{"href":"https:\/\/www.mtv-in.de\/ski\/wp-json\/wp\/v2\/types\/post"}],"author":[{"embeddable":true,"href":"https:\/\/www.mtv-in.de\/ski\/wp-json\/wp\/v2\/users\/130"}],"replies":[{"embeddable":true,"href":"https:\/\/www.mtv-in.de\/ski\/wp-json\/wp\/v2\/comments?post=2236"}],"version-history":[{"count":1,"href":"https:\/\/www.mtv-in.de\/ski\/wp-json\/wp\/v2\/posts\/2236\/revisions"}],"predecessor-version":[{"id":2237,"href":"https:\/\/www.mtv-in.de\/ski\/wp-json\/wp\/v2\/posts\/2236\/revisions\/2237"}],"wp:attachment":[{"href":"https:\/\/www.mtv-in.de\/ski\/wp-json\/wp\/v2\/media?parent=2236"}],"wp:term":[{"taxonomy":"category","embeddable":true,"href":"https:\/\/www.mtv-in.de\/ski\/wp-json\/wp\/v2\/categories?post=2236"},{"taxonomy":"post_tag","embeddable":true,"href":"https:\/\/www.mtv-in.de\/ski\/wp-json\/wp\/v2\/tags?post=2236"}],"curies":[{"name":"wp","href":"https:\/\/api.w.org\/{rel}","templated":true}]}}