{"id":2239,"date":"2022-04-19T12:49:21","date_gmt":"2022-04-19T10:49:21","guid":{"rendered":"http:\/\/www.mtv-in.de\/ski\/?p=2239"},"modified":"2022-04-19T12:49:21","modified_gmt":"2022-04-19T10:49:21","slug":"riesenslalom-in-suedtirol-gardenissimagroeden","status":"publish","type":"post","link":"https:\/\/www.mtv-in.de\/ski\/2022\/04\/riesenslalom-in-suedtirol-gardenissimagroeden\/","title":{"rendered":"Riesenslalom in S\u00fcdtirol Gardenissima\/Gr\u00f6den"},"content":{"rendered":"<p>Nach zwei Jahren Corona \u2013 Pause fand am Sonntag 3.04.2022 \u00a0die 24. S\u00fcdtirol Gardenissima in Gr\u00f6den, St. Christina statt.<\/p>\n<p>Wetterbedingt wurde das Rennen von Samstag auf Sonntag gemeinsam mit der Gardenissima Kids verschoben. Die Gardenissima gilt als der l\u00e4ngste Riesenslalom der Welt. Der Start auf der Seceda liegt auf einer H\u00f6he von 2518m, das Ziel an der Col Raiser Talstation auf 1485m. Die H\u00f6hendifferenz betr\u00e4gt 1033m, die Streckenl\u00e4nge 6 km, mit 117 Toren.<\/p>\n<p>Es waren fast 700 Starter gemeldet, darunter auch etliche Weltcupl\u00e4ufer wie zum Beispiel Schmid Alexander, Jocher Simon (beide DSV),Gritsch Franziska, \u00a0Striedinger Otmar, Hemetsberger Daniel (\u00d6SV) , Delago Nicol, Innerhofer Christof (Italien).<\/p>\n<p>F\u00fcr den MTV Ingolstadt war Thomas Koch am Start und belegte in der Altersklasse Masters B4 (45-50 Jahre) den 2. Platz, in der Gesamtwertung (Damen und Herren) erreichte er Platz 147.<\/p>\n<p><img loading=\"lazy\" decoding=\"async\" class=\"attachment-60x60 \" src=\"https:\/\/www.mtv-in.de\/ski\/files\/2022\/04\/Gr\u00f6den-Auffahrt--150x150.jpg\" alt=\"\" width=\"161\" height=\"161\" \/>\u00a0\u00a0 <img loading=\"lazy\" decoding=\"async\" class=\"attachment-60x60 \" src=\"https:\/\/www.mtv-in.de\/ski\/files\/2022\/04\/Garenissima_Bild-Koch-Thomas-150x150.jpg\" alt=\"\" width=\"159\" height=\"159\" \/>\u00a0 <img loading=\"lazy\" decoding=\"async\" class=\"attachment-60x60 \" src=\"https:\/\/www.mtv-in.de\/ski\/files\/2022\/04\/Garenissima_2-150x150.jpg\" alt=\"\" width=\"186\" height=\"186\" \/>\u00a0\u00a0\u00a0 <img loading=\"lazy\" decoding=\"async\" class=\"attachment-60x60 \" src=\"https:\/\/www.mtv-in.de\/ski\/files\/2022\/04\/Garenissiam_1-150x150.jpg\" alt=\"\" width=\"211\" height=\"211\" \/><\/p>\n<p>&nbsp;<\/p>\n<h3>Related Images:<\/h3>","protected":false},"excerpt":{"rendered":"<p>Nach zwei Jahren Corona \u2013 Pause fand am Sonntag 3.04.2022 \u00a0die 24. S\u00fcdtirol Gardenissima in Gr\u00f6den, St. Christina statt. Wetterbedingt wurde das Rennen von Samstag auf Sonntag gemeinsam mit der Gardenissima Kids verschoben. Die Gardenissima gilt als der l\u00e4ngste Riesenslalom &hellip; <a href=\"https:\/\/www.mtv-in.de\/ski\/2022\/04\/riesenslalom-in-suedtirol-gardenissimagroeden\/\">Continue reading <span class=\"meta-nav\">&rarr;<\/span><\/a><\/p>\n","protected":false},"author":130,"featured_media":0,"comment_status":"closed","ping_status":"closed","sticky":false,"template":"","format":"standard","meta":{"ngg_post_thumbnail":0,"footnotes":""},"categories":[1],"tags":[],"class_list":["post-2239","post","type-post","status-publish","format-standard","hentry","category-allgemein"],"_links":{"self":[{"href":"https:\/\/www.mtv-in.de\/ski\/wp-json\/wp\/v2\/posts\/2239","targetHints":{"allow":["GET"]}}],"collection":[{"href":"https:\/\/www.mtv-in.de\/ski\/wp-json\/wp\/v2\/posts"}],"about":[{"href":"https:\/\/www.mtv-in.de\/ski\/wp-json\/wp\/v2\/types\/post"}],"author":[{"embeddable":true,"href":"https:\/\/www.mtv-in.de\/ski\/wp-json\/wp\/v2\/users\/130"}],"replies":[{"embeddable":true,"href":"https:\/\/www.mtv-in.de\/ski\/wp-json\/wp\/v2\/comments?post=2239"}],"version-history":[{"count":2,"href":"https:\/\/www.mtv-in.de\/ski\/wp-json\/wp\/v2\/posts\/2239\/revisions"}],"predecessor-version":[{"id":2262,"href":"https:\/\/www.mtv-in.de\/ski\/wp-json\/wp\/v2\/posts\/2239\/revisions\/2262"}],"wp:attachment":[{"href":"https:\/\/www.mtv-in.de\/ski\/wp-json\/wp\/v2\/media?parent=2239"}],"wp:term":[{"taxonomy":"category","embeddable":true,"href":"https:\/\/www.mtv-in.de\/ski\/wp-json\/wp\/v2\/categories?post=2239"},{"taxonomy":"post_tag","embeddable":true,"href":"https:\/\/www.mtv-in.de\/ski\/wp-json\/wp\/v2\/tags?post=2239"}],"curies":[{"name":"wp","href":"https:\/\/api.w.org\/{rel}","templated":true}]}}