{"id":2305,"date":"2024-09-20T18:06:03","date_gmt":"2024-09-20T16:06:03","guid":{"rendered":"https:\/\/www.mtv-in.de\/ski\/?p=2305"},"modified":"2024-09-20T18:11:31","modified_gmt":"2024-09-20T16:11:31","slug":"2305","status":"publish","type":"post","link":"https:\/\/www.mtv-in.de\/ski\/2024\/09\/2305\/","title":{"rendered":"Saison 2024\/25"},"content":{"rendered":"\n<h2 class=\"wp-block-heading\">Termine 2024\/25<\/h2>\n\n\n\n<p>Liebe WintersportlerInnen, die Termine f\u00fcr die neue Skisaison werden in K\u00fcrze hier ver\u00f6ffentlicht.Bei Interesse an den Kursen meldet euch bitte per Mail an: <\/p>\n\n\n\n<p><a href=\"javascript:DeCryptX('3v2m2k1b1c3w2g0i1m0u3q3j1.0m0t0v1j2p0@0g2o1y201e3h')\">skiabteilung-mtvin [at] gmx [dot] de<\/a><\/p>\n\n\n\n<figure class=\"wp-block-image size-large\"><a href=\"https:\/\/www.mtv-in.de\/ski\/files\/2024\/09\/IMG_4277-scaled.jpeg\"><img loading=\"lazy\" decoding=\"async\" width=\"1024\" height=\"768\" src=\"https:\/\/www.mtv-in.de\/ski\/files\/2024\/09\/IMG_4277-1024x768.jpeg\" alt=\"\" class=\"wp-image-2306\" srcset=\"https:\/\/www.mtv-in.de\/ski\/files\/2024\/09\/IMG_4277-1024x768.jpeg 1024w, https:\/\/www.mtv-in.de\/ski\/files\/2024\/09\/IMG_4277-300x225.jpeg 300w, https:\/\/www.mtv-in.de\/ski\/files\/2024\/09\/IMG_4277-768x576.jpeg 768w, https:\/\/www.mtv-in.de\/ski\/files\/2024\/09\/IMG_4277-1536x1152.jpeg 1536w, https:\/\/www.mtv-in.de\/ski\/files\/2024\/09\/IMG_4277-2048x1536.jpeg 2048w\" sizes=\"auto, (max-width: 1024px) 100vw, 1024px\" \/><\/a><\/figure>\n\n\n\n<p>Wir freuen uns auf euch!<\/p>\n\n\n\n<p>Eure Skiabteilung!<\/p>\n\n\n\n<p><\/p>\n\n\n\n<p><\/p>\n\n\n\n<p><\/p>\n\n\n\n<p><\/p>\n<h3>Related Images:<\/h3>","protected":false},"excerpt":{"rendered":"<p>Termine 2024\/25 Liebe WintersportlerInnen, die Termine f\u00fcr die neue Skisaison werden in K\u00fcrze hier ver\u00f6ffentlicht.Bei Interesse an den Kursen meldet euch bitte per Mail an: skiabteilung-mtvin [at] gmx [dot] de Wir freuen uns auf euch! Eure Skiabteilung! Related Images:<\/p>\n","protected":false},"author":130,"featured_media":0,"comment_status":"closed","ping_status":"closed","sticky":false,"template":"","format":"standard","meta":{"ngg_post_thumbnail":0,"footnotes":""},"categories":[1],"tags":[],"class_list":["post-2305","post","type-post","status-publish","format-standard","hentry","category-allgemein"],"_links":{"self":[{"href":"https:\/\/www.mtv-in.de\/ski\/wp-json\/wp\/v2\/posts\/2305","targetHints":{"allow":["GET"]}}],"collection":[{"href":"https:\/\/www.mtv-in.de\/ski\/wp-json\/wp\/v2\/posts"}],"about":[{"href":"https:\/\/www.mtv-in.de\/ski\/wp-json\/wp\/v2\/types\/post"}],"author":[{"embeddable":true,"href":"https:\/\/www.mtv-in.de\/ski\/wp-json\/wp\/v2\/users\/130"}],"replies":[{"embeddable":true,"href":"https:\/\/www.mtv-in.de\/ski\/wp-json\/wp\/v2\/comments?post=2305"}],"version-history":[{"count":4,"href":"https:\/\/www.mtv-in.de\/ski\/wp-json\/wp\/v2\/posts\/2305\/revisions"}],"predecessor-version":[{"id":2310,"href":"https:\/\/www.mtv-in.de\/ski\/wp-json\/wp\/v2\/posts\/2305\/revisions\/2310"}],"wp:attachment":[{"href":"https:\/\/www.mtv-in.de\/ski\/wp-json\/wp\/v2\/media?parent=2305"}],"wp:term":[{"taxonomy":"category","embeddable":true,"href":"https:\/\/www.mtv-in.de\/ski\/wp-json\/wp\/v2\/categories?post=2305"},{"taxonomy":"post_tag","embeddable":true,"href":"https:\/\/www.mtv-in.de\/ski\/wp-json\/wp\/v2\/tags?post=2305"}],"curies":[{"name":"wp","href":"https:\/\/api.w.org\/{rel}","templated":true}]}}