{"id":2334,"date":"2025-01-19T22:12:23","date_gmt":"2025-01-19T21:12:23","guid":{"rendered":"https:\/\/www.mtv-in.de\/ski\/?p=2334"},"modified":"2025-01-19T22:12:24","modified_gmt":"2025-01-19T21:12:24","slug":"mtv-vereinsmeisterschaft","status":"publish","type":"post","link":"https:\/\/www.mtv-in.de\/ski\/2025\/01\/mtv-vereinsmeisterschaft\/","title":{"rendered":"MTV-Vereinsmeisterschaft"},"content":{"rendered":"\n<h2 class=\"wp-block-heading\">Koch und G\u00f6tz Vereinsmeister <\/h2>\n\n\n\n<p>Am 18.01. 2025 war es wieder so weit: Die Skiabteilung lud zur ihrer allj\u00e4hrlichen&nbsp;<strong>Vereinsmeisterschaft<\/strong>&nbsp;in Hochfilzen ein. Bei besten Schneebedingungen, strahlendem Sonnenschein und hochmotivierten Teilnehmern wurde dieser Tag zu einem unvergesslichen Erlebnis f\u00fcr alle.<\/p>\n\n\n\n<p>Die Vereinsmeisterschaft ist jedes Jahr ein Highlight im Kalender unserer Abteilung. Sie ist nicht nur ein sportliches Event, sondern auch eine wunderbare Gelegenheit, den Zusammenhalt innerhalb der Abteilung zu st\u00e4rken und das eigene K\u00f6nnen unter Beweis zu stellen.&nbsp;<\/p>\n\n\n\n<p>In allen Alters- und Leistungsklassen gab es strahlende Gesichter und einen verdienten Applaus f\u00fcr die besten Skifahrer des Tages.<\/p>\n\n\n\n<p>Die&nbsp;<strong>Vereinsmeister 2025<\/strong>&nbsp;in den wichtigsten Kategorien:<\/p>\n\n\n\n<ul class=\"wp-block-list\">\n<li>Erwachsene Herren:\u00a0\u00a0<strong>Thomas Koch<\/strong><\/li>\n\n\n\n<li>Erwachsene Damen:\u00a0<strong>Katharina G\u00f6tz<\/strong><\/li>\n<\/ul>\n\n\n\n<p>Ein gro\u00dfes Dankesch\u00f6n an alle Helfer, die den Tag organisiert und reibungslos durchgef\u00fchrt haben!&nbsp;Ohne eure Unterst\u00fctzung w\u00e4re dieses Event nicht m\u00f6glich gewesen. Vom Auf- und Abbau \u00fcber die Streckensicherung bis hin zur Zeitmessung und der Siegerehrung \u2013 alle haben dazu beigetragen, dass unsere Vereinsmeisterschaft ein voller Erfolg wurde. Wir gratulieren allen Gewinnern und bedanken uns bei allen, die dabei waren. Denn bei uns gilt:&nbsp;Jeder Teilnehmer ist ein Gewinner!<\/p>\n\n\n\n<figure class=\"wp-block-gallery has-nested-images columns-default is-cropped wp-block-gallery-1 is-layout-flex wp-block-gallery-is-layout-flex\">\n<figure class=\"wp-block-image size-large\"><a href=\"https:\/\/www.mtv-in.de\/ski\/files\/2025\/01\/Lorenz-Bauer-bei-der-Vereinsmeisterschaft.jpg\"><img loading=\"lazy\" decoding=\"async\" width=\"768\" height=\"1024\" data-id=\"2335\" src=\"https:\/\/www.mtv-in.de\/ski\/files\/2025\/01\/Lorenz-Bauer-bei-der-Vereinsmeisterschaft-768x1024.jpg\" alt=\"\" class=\"wp-image-2335\" srcset=\"https:\/\/www.mtv-in.de\/ski\/files\/2025\/01\/Lorenz-Bauer-bei-der-Vereinsmeisterschaft-768x1024.jpg 768w, https:\/\/www.mtv-in.de\/ski\/files\/2025\/01\/Lorenz-Bauer-bei-der-Vereinsmeisterschaft-225x300.jpg 225w, https:\/\/www.mtv-in.de\/ski\/files\/2025\/01\/Lorenz-Bauer-bei-der-Vereinsmeisterschaft-1152x1536.jpg 1152w, https:\/\/www.mtv-in.de\/ski\/files\/2025\/01\/Lorenz-Bauer-bei-der-Vereinsmeisterschaft.jpg 1536w\" sizes=\"auto, (max-width: 768px) 100vw, 768px\" \/><\/a><\/figure>\n<\/figure>\n\n\n\n<figure class=\"wp-block-image size-large\"><a href=\"https:\/\/www.mtv-in.de\/ski\/files\/2025\/01\/Teilnehmer-Vereinsmeisterschaft.jpg\"><img loading=\"lazy\" decoding=\"async\" width=\"1024\" height=\"998\" src=\"https:\/\/www.mtv-in.de\/ski\/files\/2025\/01\/Teilnehmer-Vereinsmeisterschaft-1024x998.jpg\" alt=\"\" class=\"wp-image-2336\" srcset=\"https:\/\/www.mtv-in.de\/ski\/files\/2025\/01\/Teilnehmer-Vereinsmeisterschaft-1024x998.jpg 1024w, https:\/\/www.mtv-in.de\/ski\/files\/2025\/01\/Teilnehmer-Vereinsmeisterschaft-300x292.jpg 300w, https:\/\/www.mtv-in.de\/ski\/files\/2025\/01\/Teilnehmer-Vereinsmeisterschaft-768x748.jpg 768w, https:\/\/www.mtv-in.de\/ski\/files\/2025\/01\/Teilnehmer-Vereinsmeisterschaft.jpg 1290w\" sizes=\"auto, (max-width: 1024px) 100vw, 1024px\" \/><\/a><\/figure>\n\n\n\n<figure class=\"wp-block-image size-large\"><a href=\"https:\/\/www.mtv-in.de\/ski\/files\/2025\/01\/Luis-Rosicki-beim-Rennen.jpg\"><img loading=\"lazy\" decoding=\"async\" width=\"1024\" height=\"759\" src=\"https:\/\/www.mtv-in.de\/ski\/files\/2025\/01\/Luis-Rosicki-beim-Rennen-1024x759.jpg\" alt=\"\" class=\"wp-image-2337\" srcset=\"https:\/\/www.mtv-in.de\/ski\/files\/2025\/01\/Luis-Rosicki-beim-Rennen-1024x759.jpg 1024w, https:\/\/www.mtv-in.de\/ski\/files\/2025\/01\/Luis-Rosicki-beim-Rennen-300x222.jpg 300w, https:\/\/www.mtv-in.de\/ski\/files\/2025\/01\/Luis-Rosicki-beim-Rennen-768x569.jpg 768w, https:\/\/www.mtv-in.de\/ski\/files\/2025\/01\/Luis-Rosicki-beim-Rennen.jpg 1518w\" sizes=\"auto, (max-width: 1024px) 100vw, 1024px\" \/><\/a><\/figure>\n\n\n\n<figure class=\"wp-block-image size-large\"><a href=\"https:\/\/www.mtv-in.de\/ski\/files\/2025\/01\/unsere-juengsten-Starter-Lukas-Muenzhuber-und-Anton-Bauer.jpg\"><img loading=\"lazy\" decoding=\"async\" width=\"948\" height=\"1024\" src=\"https:\/\/www.mtv-in.de\/ski\/files\/2025\/01\/unsere-juengsten-Starter-Lukas-Muenzhuber-und-Anton-Bauer-948x1024.jpg\" alt=\"\" class=\"wp-image-2338\" srcset=\"https:\/\/www.mtv-in.de\/ski\/files\/2025\/01\/unsere-juengsten-Starter-Lukas-Muenzhuber-und-Anton-Bauer-948x1024.jpg 948w, https:\/\/www.mtv-in.de\/ski\/files\/2025\/01\/unsere-juengsten-Starter-Lukas-Muenzhuber-und-Anton-Bauer-278x300.jpg 278w, https:\/\/www.mtv-in.de\/ski\/files\/2025\/01\/unsere-juengsten-Starter-Lukas-Muenzhuber-und-Anton-Bauer-768x830.jpg 768w, https:\/\/www.mtv-in.de\/ski\/files\/2025\/01\/unsere-juengsten-Starter-Lukas-Muenzhuber-und-Anton-Bauer-1421x1536.jpg 1421w, https:\/\/www.mtv-in.de\/ski\/files\/2025\/01\/unsere-juengsten-Starter-Lukas-Muenzhuber-und-Anton-Bauer.jpg 1536w\" sizes=\"auto, (max-width: 948px) 100vw, 948px\" \/><\/a><\/figure>\n\n\n\n\n\n<figure class=\"wp-block-image size-large\"><a href=\"https:\/\/www.mtv-in.de\/ski\/files\/2025\/01\/Vereinsmeister_Katharina-Goetz-und-Thomas-Koch-scaled.jpg\"><img loading=\"lazy\" decoding=\"async\" width=\"702\" height=\"1024\" src=\"https:\/\/www.mtv-in.de\/ski\/files\/2025\/01\/Vereinsmeister_Katharina-Goetz-und-Thomas-Koch-702x1024.jpg\" alt=\"\" class=\"wp-image-2339\" srcset=\"https:\/\/www.mtv-in.de\/ski\/files\/2025\/01\/Vereinsmeister_Katharina-Goetz-und-Thomas-Koch-702x1024.jpg 702w, https:\/\/www.mtv-in.de\/ski\/files\/2025\/01\/Vereinsmeister_Katharina-Goetz-und-Thomas-Koch-206x300.jpg 206w, https:\/\/www.mtv-in.de\/ski\/files\/2025\/01\/Vereinsmeister_Katharina-Goetz-und-Thomas-Koch-768x1120.jpg 768w, https:\/\/www.mtv-in.de\/ski\/files\/2025\/01\/Vereinsmeister_Katharina-Goetz-und-Thomas-Koch-1054x1536.jpg 1054w, https:\/\/www.mtv-in.de\/ski\/files\/2025\/01\/Vereinsmeister_Katharina-Goetz-und-Thomas-Koch-1405x2048.jpg 1405w, https:\/\/www.mtv-in.de\/ski\/files\/2025\/01\/Vereinsmeister_Katharina-Goetz-und-Thomas-Koch-scaled.jpg 1756w\" sizes=\"auto, (max-width: 702px) 100vw, 702px\" \/><\/a><\/figure>\n\n\n\n<figure class=\"wp-block-image size-large\"><a href=\"https:\/\/www.mtv-in.de\/ski\/files\/2025\/01\/Julia-Leidl-im-Rennen.jpg\"><img loading=\"lazy\" decoding=\"async\" width=\"829\" height=\"1024\" src=\"https:\/\/www.mtv-in.de\/ski\/files\/2025\/01\/Julia-Leidl-im-Rennen-829x1024.jpg\" alt=\"\" class=\"wp-image-2340\" srcset=\"https:\/\/www.mtv-in.de\/ski\/files\/2025\/01\/Julia-Leidl-im-Rennen-829x1024.jpg 829w, https:\/\/www.mtv-in.de\/ski\/files\/2025\/01\/Julia-Leidl-im-Rennen-243x300.jpg 243w, https:\/\/www.mtv-in.de\/ski\/files\/2025\/01\/Julia-Leidl-im-Rennen-768x948.jpg 768w, https:\/\/www.mtv-in.de\/ski\/files\/2025\/01\/Julia-Leidl-im-Rennen.jpg 983w\" sizes=\"auto, (max-width: 829px) 100vw, 829px\" \/><\/a><\/figure>\n\n\n<h3>Related Images:<\/h3>","protected":false},"excerpt":{"rendered":"<p>Koch und G\u00f6tz Vereinsmeister Am 18.01. 2025 war es wieder so weit: Die Skiabteilung lud zur ihrer allj\u00e4hrlichen&nbsp;Vereinsmeisterschaft&nbsp;in Hochfilzen ein. Bei besten Schneebedingungen, strahlendem Sonnenschein und hochmotivierten Teilnehmern wurde dieser Tag zu einem unvergesslichen Erlebnis f\u00fcr alle. Die Vereinsmeisterschaft ist &hellip; <a href=\"https:\/\/www.mtv-in.de\/ski\/2025\/01\/mtv-vereinsmeisterschaft\/\">Continue reading <span class=\"meta-nav\">&rarr;<\/span><\/a><\/p>\n","protected":false},"author":130,"featured_media":0,"comment_status":"closed","ping_status":"closed","sticky":false,"template":"","format":"standard","meta":{"ngg_post_thumbnail":0,"footnotes":""},"categories":[1],"tags":[],"class_list":["post-2334","post","type-post","status-publish","format-standard","hentry","category-allgemein"],"_links":{"self":[{"href":"https:\/\/www.mtv-in.de\/ski\/wp-json\/wp\/v2\/posts\/2334","targetHints":{"allow":["GET"]}}],"collection":[{"href":"https:\/\/www.mtv-in.de\/ski\/wp-json\/wp\/v2\/posts"}],"about":[{"href":"https:\/\/www.mtv-in.de\/ski\/wp-json\/wp\/v2\/types\/post"}],"author":[{"embeddable":true,"href":"https:\/\/www.mtv-in.de\/ski\/wp-json\/wp\/v2\/users\/130"}],"replies":[{"embeddable":true,"href":"https:\/\/www.mtv-in.de\/ski\/wp-json\/wp\/v2\/comments?post=2334"}],"version-history":[{"count":1,"href":"https:\/\/www.mtv-in.de\/ski\/wp-json\/wp\/v2\/posts\/2334\/revisions"}],"predecessor-version":[{"id":2341,"href":"https:\/\/www.mtv-in.de\/ski\/wp-json\/wp\/v2\/posts\/2334\/revisions\/2341"}],"wp:attachment":[{"href":"https:\/\/www.mtv-in.de\/ski\/wp-json\/wp\/v2\/media?parent=2334"}],"wp:term":[{"taxonomy":"category","embeddable":true,"href":"https:\/\/www.mtv-in.de\/ski\/wp-json\/wp\/v2\/categories?post=2334"},{"taxonomy":"post_tag","embeddable":true,"href":"https:\/\/www.mtv-in.de\/ski\/wp-json\/wp\/v2\/tags?post=2334"}],"curies":[{"name":"wp","href":"https:\/\/api.w.org\/{rel}","templated":true}]}}