{"id":1536,"date":"2024-11-26T20:04:54","date_gmt":"2024-11-26T19:04:54","guid":{"rendered":"https:\/\/www.mtv-in.de\/tischtennis\/?p=1536"},"modified":"2024-11-26T20:04:55","modified_gmt":"2024-11-26T19:04:55","slug":"naechster-spitzenplatz-fuer-anna-walter","status":"publish","type":"post","link":"https:\/\/www.mtv-in.de\/tischtennis\/2024\/11\/naechster-spitzenplatz-fuer-anna-walter\/","title":{"rendered":"N\u00e4chster Spitzenplatz f\u00fcr Anna Walter"},"content":{"rendered":"\n<p>Beim TOP 48 Bundesranglistenturnier der Jugend 15 in Trittau\/Schleswig-Holstein&nbsp;verpasste Anna Walter das Podest um Haaresbreite, konnte am Ende aber auch mit einem hervorragenden 4. Platz hoch zufrieden sein.<\/p>\n\n\n\n<p>In der Gruppenphase zu Beginn machte sie mit ihren Gegnerinnen kurzen Prozess. F\u00fcnfmal stand ein leicht und locker herausgespieltes 3:0 zu Buche und folglich nat\u00fcrlich der souver\u00e4ne Gruppensieg.<\/p>\n\n\n\n<p>Nachdem das Ergebis gegen Sophia Matz in die Zwischenrunde \u00fcbernommen wurde, gab es f\u00fcr Anna auch weiterhin nur Erfolgserlebnise. Gegen Melissa Bill und Kira Aeberhard waren die Ergebnisse aber schon umk\u00e4mpfter. Dennoch zog Anna auch aus der Zwischenrunde in die Runde der letzten vier und damit ins Halbfinale ein.<\/p>\n\n\n\n<p>Hier wartete mit der Baden-W\u00fcrttembergerin Rhea Zhu Chen ein echter Pr\u00fcfstein. Mit einer 2:1-Satzf\u00fchrung hatte Anna zun\u00e4chst die Nase vorn, doch die Begegnung wogte hin und her, so dass der 5. Satz entscheiden musste. Mit 8:11 ging dieser leider denkbar knapp verloren und der Weg damit lediglich in das kleine Finale um Platz drei.<\/p>\n\n\n\n<p>Hier war Anna Walter mit ihrer Teamkollegin Eva Xintian Gao aus dem BTTV-Nachwuchs quasi unter sich. Beide kennen sich aus unz\u00e4hligen Vergleichen, so dass meist nur Wimpernschl\u00e4ge \u00fcber Sieg und Niederlage entscheiden. So war es auch dieses Mal mit dem besseren Ende f\u00fcr die Oberstdorferin in der Verl\u00e4ngerung des 5. Satzes.<\/p>\n\n\n\n<p>Kein Beinbruch aber f\u00fcr Anna Walter, auch wenn Platz vier sicher immer etwas undankbar ist. Die Qualifikation und das Ticket f\u00fcr das TOP 24 hat Anna damit sicher in der Tasche.<\/p>\n<h3>Related Images:<\/h3>","protected":false},"excerpt":{"rendered":"<p>Beim TOP 48 Bundesranglistenturnier der Jugend 15 in Trittau\/Schleswig-Holstein&nbsp;verpasste Anna Walter das Podest um Haaresbreite, konnte am Ende aber auch mit einem hervorragenden 4. Platz hoch zufrieden sein. In der Gruppenphase zu Beginn machte sie mit ihren Gegnerinnen kurzen Prozess. F\u00fcnfmal stand ein leicht und locker herausgespieltes 3:0 zu Buche und folglich nat\u00fcrlich der souver\u00e4ne [&hellip;]<\/p>\n","protected":false},"author":150,"featured_media":0,"comment_status":"closed","ping_status":"closed","sticky":false,"template":"","format":"standard","meta":{"ngg_post_thumbnail":0,"footnotes":""},"categories":[1],"tags":[],"class_list":["post-1536","post","type-post","status-publish","format-standard","hentry","category-news"],"_links":{"self":[{"href":"https:\/\/www.mtv-in.de\/tischtennis\/wp-json\/wp\/v2\/posts\/1536","targetHints":{"allow":["GET"]}}],"collection":[{"href":"https:\/\/www.mtv-in.de\/tischtennis\/wp-json\/wp\/v2\/posts"}],"about":[{"href":"https:\/\/www.mtv-in.de\/tischtennis\/wp-json\/wp\/v2\/types\/post"}],"author":[{"embeddable":true,"href":"https:\/\/www.mtv-in.de\/tischtennis\/wp-json\/wp\/v2\/users\/150"}],"replies":[{"embeddable":true,"href":"https:\/\/www.mtv-in.de\/tischtennis\/wp-json\/wp\/v2\/comments?post=1536"}],"version-history":[{"count":1,"href":"https:\/\/www.mtv-in.de\/tischtennis\/wp-json\/wp\/v2\/posts\/1536\/revisions"}],"predecessor-version":[{"id":1537,"href":"https:\/\/www.mtv-in.de\/tischtennis\/wp-json\/wp\/v2\/posts\/1536\/revisions\/1537"}],"wp:attachment":[{"href":"https:\/\/www.mtv-in.de\/tischtennis\/wp-json\/wp\/v2\/media?parent=1536"}],"wp:term":[{"taxonomy":"category","embeddable":true,"href":"https:\/\/www.mtv-in.de\/tischtennis\/wp-json\/wp\/v2\/categories?post=1536"},{"taxonomy":"post_tag","embeddable":true,"href":"https:\/\/www.mtv-in.de\/tischtennis\/wp-json\/wp\/v2\/tags?post=1536"}],"curies":[{"name":"wp","href":"https:\/\/api.w.org\/{rel}","templated":true}]}}