{"id":1676,"date":"2025-11-20T20:21:11","date_gmt":"2025-11-20T19:21:11","guid":{"rendered":"https:\/\/www.mtv-in.de\/tischtennis\/?p=1676"},"modified":"2025-11-20T20:22:10","modified_gmt":"2025-11-20T19:22:10","slug":"auf-gehts-zur-wm","status":"publish","type":"post","link":"https:\/\/www.mtv-in.de\/tischtennis\/2025\/11\/auf-gehts-zur-wm\/","title":{"rendered":"Auf geht\u00b4s zur WM"},"content":{"rendered":"\n<figure class=\"wp-block-image size-full\"><a href=\"https:\/\/www.mtv-in.de\/tischtennis\/files\/2025\/11\/TOP-24-2025-1.jpg\"><img loading=\"lazy\" decoding=\"async\" width=\"800\" height=\"533\" src=\"https:\/\/www.mtv-in.de\/tischtennis\/files\/2025\/11\/TOP-24-2025-1.jpg\" alt=\"\" class=\"wp-image-1677\" srcset=\"https:\/\/www.mtv-in.de\/tischtennis\/files\/2025\/11\/TOP-24-2025-1.jpg 800w, https:\/\/www.mtv-in.de\/tischtennis\/files\/2025\/11\/TOP-24-2025-1-300x200.jpg 300w, https:\/\/www.mtv-in.de\/tischtennis\/files\/2025\/11\/TOP-24-2025-1-768x512.jpg 768w\" sizes=\"auto, (max-width: 800px) 100vw, 800px\" \/><\/a><\/figure>\n\n\n\n<p><\/p>\n\n\n\n<p>Anna Walter ist was Tischtennis betrifft mittlerweile eine weit gereiste Pers\u00f6nlichkeit. Auf unz\u00e4hligen WTT-Turnieren und zwei Europameisterschaften war die 14-J\u00e4hrige bereits unterwegs. Von den vielen Terminen innerhalb Deutschlands gar nicht zu reden.<\/p>\n\n\n\n<p>Nun steht allerdings eine ganz neue Erfahrung an. Von 23. bis 30. November finden die Jugend-Weltmeisterschaften im rum\u00e4nischen Cluj-Napoca statt. Anna wird die deutschen Farben dort mit der U15-M\u00e4dchen-Nationalmannschaft erstmals auf diesem Niveau vertreten. Angef\u00fchrt wird das Team von Einzel-Europameisterin Koharu Itagaki. Die gesamte Mannschaft reist als Team-Europameister auch mit entsprechenden Lorbeeren an.<\/p>\n\n\n\n<p>Man darf gespannt sein, wie viele Eins\u00e4tze Anna Walter im Nationaltrikot bekommt. So oder so wird diese WM ein TOP-Ereignis und ein einzigartiges Erlebnis f\u00fcr sie.<\/p>\n\n\n\n<p>Schon morgen am 21. November hebt das Flugzeug Richtung Rum\u00e4nien ab. Wir w\u00fcnschen Anna von seiten des MTV eine gute Anreise und tolle Turniertage in Cluj-Napoca mit vielen Erfolgserlebnissen.<\/p>\n\n\n\n<p>Zu den Ergebnissen der WM in K\u00fcrze mehr auf unserer Homepage.<\/p>\n<h3>Related Images:<\/h3>","protected":false},"excerpt":{"rendered":"<p>Anna Walter ist was Tischtennis betrifft mittlerweile eine weit gereiste Pers\u00f6nlichkeit. Auf unz\u00e4hligen WTT-Turnieren und zwei Europameisterschaften war die 14-J\u00e4hrige bereits unterwegs. Von den vielen Terminen innerhalb Deutschlands gar nicht zu reden. Nun steht allerdings eine ganz neue Erfahrung an. Von 23. bis 30. November finden die Jugend-Weltmeisterschaften im rum\u00e4nischen Cluj-Napoca statt. Anna wird die [&hellip;]<\/p>\n","protected":false},"author":150,"featured_media":0,"comment_status":"closed","ping_status":"closed","sticky":false,"template":"","format":"standard","meta":{"ngg_post_thumbnail":0,"footnotes":""},"categories":[1],"tags":[],"class_list":["post-1676","post","type-post","status-publish","format-standard","hentry","category-news"],"_links":{"self":[{"href":"https:\/\/www.mtv-in.de\/tischtennis\/wp-json\/wp\/v2\/posts\/1676","targetHints":{"allow":["GET"]}}],"collection":[{"href":"https:\/\/www.mtv-in.de\/tischtennis\/wp-json\/wp\/v2\/posts"}],"about":[{"href":"https:\/\/www.mtv-in.de\/tischtennis\/wp-json\/wp\/v2\/types\/post"}],"author":[{"embeddable":true,"href":"https:\/\/www.mtv-in.de\/tischtennis\/wp-json\/wp\/v2\/users\/150"}],"replies":[{"embeddable":true,"href":"https:\/\/www.mtv-in.de\/tischtennis\/wp-json\/wp\/v2\/comments?post=1676"}],"version-history":[{"count":1,"href":"https:\/\/www.mtv-in.de\/tischtennis\/wp-json\/wp\/v2\/posts\/1676\/revisions"}],"predecessor-version":[{"id":1678,"href":"https:\/\/www.mtv-in.de\/tischtennis\/wp-json\/wp\/v2\/posts\/1676\/revisions\/1678"}],"wp:attachment":[{"href":"https:\/\/www.mtv-in.de\/tischtennis\/wp-json\/wp\/v2\/media?parent=1676"}],"wp:term":[{"taxonomy":"category","embeddable":true,"href":"https:\/\/www.mtv-in.de\/tischtennis\/wp-json\/wp\/v2\/categories?post=1676"},{"taxonomy":"post_tag","embeddable":true,"href":"https:\/\/www.mtv-in.de\/tischtennis\/wp-json\/wp\/v2\/tags?post=1676"}],"curies":[{"name":"wp","href":"https:\/\/api.w.org\/{rel}","templated":true}]}}