{"id":1702,"date":"2026-01-21T18:58:21","date_gmt":"2026-01-21T17:58:21","guid":{"rendered":"https:\/\/www.mtv-in.de\/tischtennis\/?p=1702"},"modified":"2026-01-23T15:03:14","modified_gmt":"2026-01-23T14:03:14","slug":"sebastian-hegenberger-ueberzeugt-bei-den-bayerischen-meisterschaften","status":"publish","type":"post","link":"https:\/\/www.mtv-in.de\/tischtennis\/2026\/01\/sebastian-hegenberger-ueberzeugt-bei-den-bayerischen-meisterschaften\/","title":{"rendered":"Sebastian Hegenberger \u00fcberzeugt bei den Bayerischen Meisterschaften"},"content":{"rendered":"\n<figure class=\"wp-block-image size-large\"><a href=\"https:\/\/www.mtv-in.de\/tischtennis\/files\/2026\/01\/20260117_hegenberger_sebastian-scaled.jpg\"><img loading=\"lazy\" decoding=\"async\" width=\"1024\" height=\"683\" src=\"https:\/\/www.mtv-in.de\/tischtennis\/files\/2026\/01\/20260117_hegenberger_sebastian-1024x683.jpg\" alt=\"\" class=\"wp-image-1706\" srcset=\"https:\/\/www.mtv-in.de\/tischtennis\/files\/2026\/01\/20260117_hegenberger_sebastian-1024x683.jpg 1024w, https:\/\/www.mtv-in.de\/tischtennis\/files\/2026\/01\/20260117_hegenberger_sebastian-300x200.jpg 300w, https:\/\/www.mtv-in.de\/tischtennis\/files\/2026\/01\/20260117_hegenberger_sebastian-768x512.jpg 768w, https:\/\/www.mtv-in.de\/tischtennis\/files\/2026\/01\/20260117_hegenberger_sebastian-1536x1024.jpg 1536w, https:\/\/www.mtv-in.de\/tischtennis\/files\/2026\/01\/20260117_hegenberger_sebastian-2048x1365.jpg 2048w\" sizes=\"auto, (max-width: 1024px) 100vw, 1024px\" \/><\/a><figcaption class=\"wp-element-caption\">Quelle: Nils Rack, BTTV<\/figcaption><\/figure>\n\n\n\n<p><\/p>\n\n\n\n<p>Unser neuer Spitzenspieler Sebastian Hegenberger hat den MTV 1881 Ingolstadt bei den Bayerischen Meisterschaften der Erwachsenen eindrucksvoll vertreten. An Position 12 gesetzt, warteten in der Gruppenphase ein st\u00e4rker eingestufter Gegner sowie zwei Partien, in denen Sebastian als Favorit an den Tisch ging.<\/p>\n\n\n\n<p>Der Start ins Turnier verlief zun\u00e4chst noch etwas wackelig. Im Auftaktspiel musste er den ersten Satz abgeben, fand danach jedoch besser in seinen Rhythmus und sicherte sich einen 3:1\u2011Sieg. Das zweite Gruppenspiel entwickelte sich zu einem echten Krimi. Gegen einen stark aufspielenden Jugendspieler, der phasenweise \u00fcber sich hinauswuchs, hatte Sebastian vor allem im R\u00fcckschlagspiel Probleme. Am Ende behielt er jedoch knapp \u00fcber f\u00fcnf S\u00e4tze die Oberhand und stand mit 2:0 Siegen vorzeitig als Gruppenteilnehmer f\u00fcr die K.O.-Runde fest.<\/p>\n\n\n\n<p>Damit konnte er im abschlie\u00dfenden Gruppenspiel befreit gegen den aktuellen Deutschen Meister im Doppel und Mixed sowie Zweitligaspieler Daniel Rinderer aufspielen. Sebastian erwischte einen hervorragenden Start und ging mit 2:0 in F\u00fchrung. Rinderer erh\u00f6hte anschlie\u00dfend den Druck und glich relativ deutlich zum 2:2 aus. Im entscheidenden f\u00fcnften Satz spielte Sebastian erneut gro\u00df auf und zog furios auf 7:2 davon. Doch sein Gegner k\u00e4mpfte sich bis zum 8:8 zur\u00fcck. In einer hochspannenden Schlussphase behielt Sebastian mit 12:10 die Nerven und feierte seinen ersten Sieg gegen den gleichaltrigen Konkurrenten \u2013 ein wichtiger Erfolg nach zuvor negativer Bilanz.<\/p>\n\n\n\n<p>Die erste K.O.-Runde fand noch am selben Tag statt und verlangte mit nun vier Gewinns\u00e4tzen erneut alles ab. Der Gruppensieg und die dadurch verbesserte Setzposition machten sich bezahlt. Im Duell mit Oberliga-Konkurrent Hartmann verlief die Partie schwankend. Nach einer 2:0\u2011F\u00fchrung musste Sebastian den 2:2\u2011Ausgleich hinnehmen. Anschlie\u00dfend agierte er wieder taktisch konsequent und setzte sich verdient mit 4:2 durch.<\/p>\n\n\n\n<p>Im Doppel und Mixed war bereits am ersten Tag Endstation, sodass der volle Fokus auf dem Viertelfinale am zweiten Turniertag lag. Dort wartete mit dem Drittligaspieler Nico Longhino vom TTC Kist eine \u00e4u\u00dferst hohe H\u00fcrde. Zu Beginn war der Niveauunterschied deutlich, die ersten beiden S\u00e4tze gingen klar verloren. Auch der dritte Durchgang ging an Longhino, doch Sebastian fand zunehmend besser ins Spiel und startete ein beeindruckendes Comeback. Mit gro\u00dfem Kampfgeist holte er drei S\u00e4tze in Folge und glich sensationell zum 3:3 aus. Am Ende fehlten jedoch etwas die Kr\u00e4fte, w\u00e4hrend sein Gegner noch einmal zulegen konnte und den Entscheidungssatz mit 11:6 gewann.<\/p>\n\n\n\n<p>Mit dem Einzug unter die besten Acht Bayerns hat Sebastian ein starkes Ausrufezeichen gesetzt und geh\u00f6rt nun zum erweiterten Kreis f\u00fcr eine m\u00f6gliche Teilnahme an den Deutschen Meisterschaften. Bereits am kommenden Wochenende kann er seine hervorragende Form nutzen, wenn zum R\u00fcckrundenstart in der Oberliga der Koppelheimspieltag in eigener Halle ansteht. Wir freuen uns auf spannende Spiele und dr\u00fccken unserem Spitzenspieler weiterhin die Daumen!<\/p>\n<h3>Related Images:<\/h3>","protected":false},"excerpt":{"rendered":"<p>Unser neuer Spitzenspieler Sebastian Hegenberger hat den MTV 1881 Ingolstadt bei den Bayerischen Meisterschaften der Erwachsenen eindrucksvoll vertreten. An Position 12 gesetzt, warteten in der Gruppenphase ein st\u00e4rker eingestufter Gegner sowie zwei Partien, in denen Sebastian als Favorit an den Tisch ging. Der Start ins Turnier verlief zun\u00e4chst noch etwas wackelig. Im Auftaktspiel musste er [&hellip;]<\/p>\n","protected":false},"author":150,"featured_media":0,"comment_status":"closed","ping_status":"closed","sticky":false,"template":"","format":"standard","meta":{"ngg_post_thumbnail":0,"footnotes":""},"categories":[1],"tags":[],"class_list":["post-1702","post","type-post","status-publish","format-standard","hentry","category-news"],"_links":{"self":[{"href":"https:\/\/www.mtv-in.de\/tischtennis\/wp-json\/wp\/v2\/posts\/1702","targetHints":{"allow":["GET"]}}],"collection":[{"href":"https:\/\/www.mtv-in.de\/tischtennis\/wp-json\/wp\/v2\/posts"}],"about":[{"href":"https:\/\/www.mtv-in.de\/tischtennis\/wp-json\/wp\/v2\/types\/post"}],"author":[{"embeddable":true,"href":"https:\/\/www.mtv-in.de\/tischtennis\/wp-json\/wp\/v2\/users\/150"}],"replies":[{"embeddable":true,"href":"https:\/\/www.mtv-in.de\/tischtennis\/wp-json\/wp\/v2\/comments?post=1702"}],"version-history":[{"count":2,"href":"https:\/\/www.mtv-in.de\/tischtennis\/wp-json\/wp\/v2\/posts\/1702\/revisions"}],"predecessor-version":[{"id":1708,"href":"https:\/\/www.mtv-in.de\/tischtennis\/wp-json\/wp\/v2\/posts\/1702\/revisions\/1708"}],"wp:attachment":[{"href":"https:\/\/www.mtv-in.de\/tischtennis\/wp-json\/wp\/v2\/media?parent=1702"}],"wp:term":[{"taxonomy":"category","embeddable":true,"href":"https:\/\/www.mtv-in.de\/tischtennis\/wp-json\/wp\/v2\/categories?post=1702"},{"taxonomy":"post_tag","embeddable":true,"href":"https:\/\/www.mtv-in.de\/tischtennis\/wp-json\/wp\/v2\/tags?post=1702"}],"curies":[{"name":"wp","href":"https:\/\/api.w.org\/{rel}","templated":true}]}}