{"id":2944,"date":"2024-08-09T19:50:10","date_gmt":"2024-08-09T17:50:10","guid":{"rendered":"https:\/\/www.mtv-in.de\/turnen\/?p=2944"},"modified":"2025-04-13T10:10:29","modified_gmt":"2025-04-13T08:10:29","slug":"qualifikation-zur-deutschen-mehrkampfmeisterschaft","status":"publish","type":"post","link":"https:\/\/www.mtv-in.de\/turnen\/2024\/08\/qualifikation-zur-deutschen-mehrkampfmeisterschaft\/","title":{"rendered":"Qualifikation zur Deutschen Mehrkampfmeisterschaft"},"content":{"rendered":"\n<figure class=\"wp-block-image alignleft size-large is-resized\"><a href=\"https:\/\/www.mtv-in.de\/turnen\/files\/2024\/08\/02_255e17fb-b262-4311-bc75-53d9d0f0de031.jpeg\"><img decoding=\"async\" src=\"https:\/\/www.mtv-in.de\/turnen\/files\/2024\/08\/02_255e17fb-b262-4311-bc75-53d9d0f0de031-768x1024.jpeg\" alt=\"\" class=\"wp-image-2945\" style=\"aspect-ratio:0.75;width:284px;height:auto\" \/><\/a><\/figure>\n\n\n\n<p>Katharina Maier vom MTV Ingolstadt l\u00f6st Direktticket im Deutschen Sechskampf.<br>Nach l\u00e4ngerer Pause traten dieses Jahr wieder 3 MTV-Turnerinnen bei den bayerischen<br>Mehrkampfmeisterschaften in Landshut an. Der deutsche Sechskampf ist dabei ein<br>Mischwettkampf aus 3 leichtathletischen und 3 turnerischen Disziplinen, welche bei den Frauen in<br>der Jahrgangsstufe 18+, dann zu einem Achtkampf wird. F\u00fcr die Ingolst\u00e4dterinnen ging es in der<br>Altersklasse 12\/13 am Vormittag zun\u00e4chst auf den Leichtathletik-Platz. Gestartet wurde mit einem<br>75-Meter-Sprint, bevor es zum Weitsprung und danach weiter ans Kugelsto\u00dfen ging. Zur<br>Mittagspause wurde sich sodann gest\u00e4rkt, frisch frisiert und der Turnanzug \u00fcber gestreift, bevor<br>es an die Ger\u00e4te ging. Am Sprungtisch durften die M\u00e4dchen diesmal \u00fcber einen 1,20m hohen &#8211;<br>statt wie sonst 1,25m &#8211; hohen Tisch ihre Handstand\u00fcberschl\u00e4ge performen. Am Stufenbarren<br>blieb alles wie gewohnt und auch am Boden konnten die MTV-Turnerinnen mit ihren<br>stimmungsvollen \u00dcbungen zum Ende eines langen Wettkampftages \u00fcberzeugen. <\/p>\n\n\n\n<figure class=\"wp-block-image alignright size-full is-resized\"><a href=\"https:\/\/www.mtv-in.de\/turnen\/files\/2024\/08\/04_11ce5674-d468-4862-b488-7ebb6e672bda1-1024x768-1.jpeg\"><img decoding=\"async\" src=\"https:\/\/www.mtv-in.de\/turnen\/files\/2024\/08\/04_11ce5674-d468-4862-b488-7ebb6e672bda1-1024x768-1.jpeg\" alt=\"\" class=\"wp-image-2947\" style=\"aspect-ratio:1.3333333333333333;width:356px;height:auto\" \/><\/a><\/figure>\n\n\n\n<p>Zur Siegerehrung ging es wieder zur\u00fcck zum Anfang auf den Sportplatz. Nach weiteren 2 Stunden<br>Wartezeit wurde letztendlich verk\u00fcndet, welche Turnerinnen sich \u00fcber die direkte A-Qualifikaiton<br>zur Deutschen Meisterschaft im September qualifiziert haben. Mit Katharina Maier (Platz 5) konnte<br>auch eine der Ingolst\u00e4dterinnen die strenge Norm der diesj\u00e4hrigen Wettk\u00e4mpfe in Pirmasens<br>erreichen. F\u00fcr Alissia Krenz (Platz 7), welche durch starke Leistungen im leichtathletischen Bereich<br>Punkte sammeln konnte, bleibt ein kleiner Hoffnungsschimmer im Nachr\u00fcckverfahren noch<br>aufzurutschen. Hannah Schemmerer komplettierte das erfolgreiche Mannschaftsergebnis auf<br>Rang 11. Ein gro\u00dfer Dank gilt vor allem unserer Leichtathletiktrainerin Berit Gneupel, welche die<br>M\u00e4dchen in der Vorbereitung unterst\u00fctzte.<\/p>\n","protected":false},"excerpt":{"rendered":"<p>Katharina Maier vom MTV Ingolstadt l\u00f6st Direktticket im Deutschen Sechskampf.Nach l\u00e4ngerer Pause traten dieses Jahr wieder 3 MTV-Turnerinnen bei den bayerischenMehrkampfmeisterschaften in Landshut an. Der deutsche Sechskampf ist dabei einMischwettkampf aus 3 leichtathletischen und 3 turnerischen Disziplinen, welche bei den Frauen inder Jahrgangsstufe 18+, dann zu einem Achtkampf wird. F\u00fcr die Ingolst\u00e4dterinnen ging es in [&hellip;]<\/p>\n","protected":false},"author":52,"featured_media":0,"comment_status":"closed","ping_status":"closed","sticky":false,"template":"","format":"standard","meta":{"footnotes":""},"categories":[1],"tags":[],"class_list":["post-2944","post","type-post","status-publish","format-standard","hentry","category-allgemein"],"_links":{"self":[{"href":"https:\/\/www.mtv-in.de\/turnen\/wp-json\/wp\/v2\/posts\/2944","targetHints":{"allow":["GET"]}}],"collection":[{"href":"https:\/\/www.mtv-in.de\/turnen\/wp-json\/wp\/v2\/posts"}],"about":[{"href":"https:\/\/www.mtv-in.de\/turnen\/wp-json\/wp\/v2\/types\/post"}],"author":[{"embeddable":true,"href":"https:\/\/www.mtv-in.de\/turnen\/wp-json\/wp\/v2\/users\/52"}],"replies":[{"embeddable":true,"href":"https:\/\/www.mtv-in.de\/turnen\/wp-json\/wp\/v2\/comments?post=2944"}],"version-history":[{"count":1,"href":"https:\/\/www.mtv-in.de\/turnen\/wp-json\/wp\/v2\/posts\/2944\/revisions"}],"predecessor-version":[{"id":2948,"href":"https:\/\/www.mtv-in.de\/turnen\/wp-json\/wp\/v2\/posts\/2944\/revisions\/2948"}],"wp:attachment":[{"href":"https:\/\/www.mtv-in.de\/turnen\/wp-json\/wp\/v2\/media?parent=2944"}],"wp:term":[{"taxonomy":"category","embeddable":true,"href":"https:\/\/www.mtv-in.de\/turnen\/wp-json\/wp\/v2\/categories?post=2944"},{"taxonomy":"post_tag","embeddable":true,"href":"https:\/\/www.mtv-in.de\/turnen\/wp-json\/wp\/v2\/tags?post=2944"}],"curies":[{"name":"wp","href":"https:\/\/api.w.org\/{rel}","templated":true}]}}