{"id":2983,"date":"2024-12-25T23:26:02","date_gmt":"2024-12-25T22:26:02","guid":{"rendered":"https:\/\/www.mtv-in.de\/turnen\/?p=2983"},"modified":"2025-04-13T10:09:51","modified_gmt":"2025-04-13T08:09:51","slug":"doppelsieg-vor-heimischer-kulisse","status":"publish","type":"post","link":"https:\/\/www.mtv-in.de\/turnen\/2024\/12\/doppelsieg-vor-heimischer-kulisse\/","title":{"rendered":"Doppelsieg vor heimischer Kulisse"},"content":{"rendered":"\n<p>Am Samstag, den 30.11.24, lud der Turnbezirk in der Bezirkssportanlage Mitte zum offenen<br>Oberbayern-Cup in der Leistungsklasse 3. Nach mehreren Jahren Pause konnte die Turnabteilung<br>des MTV Ingolstadt als Ausrichter diesen Wettkampf wieder aufleben lassen. Die Nachfrage war<br>entsprechend gro\u00df- insgesamt traten dabei \u00fcber 170 Turnerinnen in 8 verschiedenen<br>Altersklassen aus ganz Bayern und Baden-W\u00fcrttemberg an.<br>Den Vormittagsdurchgang er\u00f6ffnete f\u00fcr den MTV Ingolstadt Liana Gashi in der Altersklasse 14\/15.<br>Mit hervorragenden Wertungen am Schwebebalken und Boden, jedoch leichten Schw\u00e4chen am<br>Stufenbarren, reichte es am Ende f\u00fcr Platz 6. Am Nachmittag hatte der Heimverein mit 5<br>Turnerinnen gro\u00dfe Chancen auf einen Podestplatz. Nach einem nahezu perfekten Wettkampf mit<br>Tagesh\u00f6chstwertungen am Stufenbarren und Schwebebalken konnte Katharina Maier die<br>Goldmedaille in der Altersklasse 12\/13 f\u00fcr den MTV Ingolstadt sichern. In der selben Altersklasse<br>komplettierten Alissia Krenz auf Platz 13 und Hannah Schemmerer auf Platz 14 die gute<br>Mannschaftsleistung unter 39 Turnerinnen und dem somit gr\u00f6\u00dften Teilnehmerfeld des Tages. Das<br>sch\u00f6nste Podest aus Ingolst\u00e4dter Sicht pr\u00e4sentierte sich jedoch bei den erwachsenen<br>Turnerinnen in der Altersklasse 18+. W\u00e4hrend Johanna Z\u00f6pfl die beste Bodenwertung in der<br>Altersklasse erzielen konnte und auf dem Bronzerang strahle, durfte Vereinskameradin Theresa<br>Repper mit der besten Balken\u00fcbung ganz oben auf dem Podest stehen. Maier und Repper<br>durften zus\u00e4tzlich die Troph\u00e4e als beste Turnerin des Turngaus Donau-Ilm f\u00fcr ihre jeweilige<br>Altersklasse entgegen nehmen. Nach einer \u00e4u\u00dferst erfolgreichen Wettkampfsaison gehen die<br>K\u00fcrturnerinnen des MTV Ingolstadt \u00fcber den Winter nun in die Wettkampfpause, wobei weiter<br>flei\u00dfig f\u00fcr die kommende Saison an neuen Elementen gefeilt wird.<\/p>\n","protected":false},"excerpt":{"rendered":"<p>Am Samstag, den 30.11.24, lud der Turnbezirk in der Bezirkssportanlage Mitte zum offenenOberbayern-Cup in der Leistungsklasse 3. Nach mehreren Jahren Pause konnte die Turnabteilungdes MTV Ingolstadt als Ausrichter diesen Wettkampf wieder aufleben lassen. Die Nachfrage warentsprechend gro\u00df- insgesamt traten dabei \u00fcber 170 Turnerinnen in 8 verschiedenenAltersklassen aus ganz Bayern und Baden-W\u00fcrttemberg an.Den Vormittagsdurchgang er\u00f6ffnete f\u00fcr [&hellip;]<\/p>\n","protected":false},"author":52,"featured_media":0,"comment_status":"closed","ping_status":"closed","sticky":false,"template":"","format":"standard","meta":{"footnotes":""},"categories":[1],"tags":[],"class_list":["post-2983","post","type-post","status-publish","format-standard","hentry","category-allgemein"],"_links":{"self":[{"href":"https:\/\/www.mtv-in.de\/turnen\/wp-json\/wp\/v2\/posts\/2983","targetHints":{"allow":["GET"]}}],"collection":[{"href":"https:\/\/www.mtv-in.de\/turnen\/wp-json\/wp\/v2\/posts"}],"about":[{"href":"https:\/\/www.mtv-in.de\/turnen\/wp-json\/wp\/v2\/types\/post"}],"author":[{"embeddable":true,"href":"https:\/\/www.mtv-in.de\/turnen\/wp-json\/wp\/v2\/users\/52"}],"replies":[{"embeddable":true,"href":"https:\/\/www.mtv-in.de\/turnen\/wp-json\/wp\/v2\/comments?post=2983"}],"version-history":[{"count":2,"href":"https:\/\/www.mtv-in.de\/turnen\/wp-json\/wp\/v2\/posts\/2983\/revisions"}],"predecessor-version":[{"id":3143,"href":"https:\/\/www.mtv-in.de\/turnen\/wp-json\/wp\/v2\/posts\/2983\/revisions\/3143"}],"wp:attachment":[{"href":"https:\/\/www.mtv-in.de\/turnen\/wp-json\/wp\/v2\/media?parent=2983"}],"wp:term":[{"taxonomy":"category","embeddable":true,"href":"https:\/\/www.mtv-in.de\/turnen\/wp-json\/wp\/v2\/categories?post=2983"},{"taxonomy":"post_tag","embeddable":true,"href":"https:\/\/www.mtv-in.de\/turnen\/wp-json\/wp\/v2\/tags?post=2983"}],"curies":[{"name":"wp","href":"https:\/\/api.w.org\/{rel}","templated":true}]}}